
{"id":108020,"date":"2023-02-23T23:36:45","date_gmt":"2023-02-24T02:36:45","guid":{"rendered":"https:\/\/www.sudoestehoje.com.br\/novoportal\/?p=108020"},"modified":"2023-02-23T23:36:45","modified_gmt":"2023-02-24T02:36:45","slug":"brasilia-ex-ministro-ze-dirceu-e-internado-e-passa-por-cirurgia-na-cabeca","status":"publish","type":"post","link":"https:\/\/www.sudoestehoje.com.br\/novoportal\/2023\/02\/23\/brasilia-ex-ministro-ze-dirceu-e-internado-e-passa-por-cirurgia-na-cabeca\/","title":{"rendered":"BRAS\u00cdLIA | EX-MINISTRO Z\u00c9 DIRCEU \u00c9 INTERNADO E PASSA POR CIRURGIA NA CABE\u00c7A"},"content":{"rendered":"<div class=\"filtros-resultado-busca\"><a href=\"https:\/\/www.sudoestehoje.com.br\/novoportal\/wp-content\/uploads\/2023\/02\/Dirceu-e1543435404413.jpg\"><img loading=\"lazy\" decoding=\"async\" class=\"aligncenter size-medium wp-image-108022\" src=\"https:\/\/www.sudoestehoje.com.br\/novoportal\/wp-content\/uploads\/2023\/02\/Dirceu-e1543435404413-500x295.jpg\" alt=\"\" width=\"500\" height=\"295\" srcset=\"https:\/\/www.sudoestehoje.com.br\/novoportal\/wp-content\/uploads\/2023\/02\/Dirceu-e1543435404413-500x295.jpg 500w, https:\/\/www.sudoestehoje.com.br\/novoportal\/wp-content\/uploads\/2023\/02\/Dirceu-e1543435404413-700x413.jpg 700w, https:\/\/www.sudoestehoje.com.br\/novoportal\/wp-content\/uploads\/2023\/02\/Dirceu-e1543435404413.jpg 750w\" sizes=\"auto, (max-width: 500px) 100vw, 500px\" \/><\/a><\/div>\n<div class=\"materia-conteudo\">\n<div class=\"materia\">\n<div class=\"conteudo_post\">\n<p><strong>O ex-ministro da Casa Civil e ex-deputado federal Jos\u00e9 Dirceu (PT) foi internado, nesta quinta-feira (23) em um hospital particular de Bras\u00edlia. De acordo com boletim m\u00e9dico do DF Star, \u201co senhor Jos\u00e9 Dirceu de Oliveira e Silva foi admitido nesta unidade com quadro de hematoma subdural, sendo submetido a procedimento neurocir\u00fargico para drenagem\u201d.<\/strong><\/p>\n<p><strong>O hematoma subdural pode ser uma emerg\u00eancia m\u00e9dica, geralmente causado por um ferimento na cabe\u00e7a forte o suficiente para estourar os vasos sangu\u00edneos. Segundo o hospital, Jos\u00e9 Dirceu est\u00e1 em observa\u00e7\u00e3o na Unidade Intensiva, \u201cem respira\u00e7\u00e3o espont\u00e2nea\u201d, e sem previs\u00e3o de alta.<\/strong><\/p>\n<p><strong>De acordo com o filho de Jos\u00e9 Dirceu, o deputado federal Zeca Dirceu (PT-PR), o ex-ministro est\u00e1 bem e foi caminhando para o hospital.<\/strong><\/p>\n<p><strong>\u201cMe ligou e falamos minutos antes da cirurgia. O procedimento foi um sucesso. Logo estar\u00e1 recuperado\u201d, publicou Zeca Dirceu em uma rede social.<\/strong><\/p>\n<\/div>\n<\/div>\n<\/div>\n","protected":false},"excerpt":{"rendered":"<p>O ex-ministro da Casa Civil e ex-deputado federal Jos\u00e9 Dirceu (PT) foi internado, nesta quinta-feira (23) em um hospital particular de Bras\u00edlia. De acordo com boletim m\u00e9dico do DF Star, \u201co senhor Jos\u00e9 Dirceu de Oliveira e Silva foi admitido nesta unidade com quadro de hematoma subdural, sendo submetido a procedimento neurocir\u00fargico para drenagem\u201d. O [&hellip;]<\/p>\n","protected":false},"author":2,"featured_media":108022,"comment_status":"open","ping_status":"open","sticky":false,"template":"","format":"standard","meta":{"footnotes":"","_links_to":"","_links_to_target":""},"categories":[1],"tags":[],"class_list":["post-108020","post","type-post","status-publish","format-standard","has-post-thumbnail","hentry","category-geral"],"views":617,"_links":{"self":[{"href":"https:\/\/www.sudoestehoje.com.br\/novoportal\/wp-json\/wp\/v2\/posts\/108020","targetHints":{"allow":["GET"]}}],"collection":[{"href":"https:\/\/www.sudoestehoje.com.br\/novoportal\/wp-json\/wp\/v2\/posts"}],"about":[{"href":"https:\/\/www.sudoestehoje.com.br\/novoportal\/wp-json\/wp\/v2\/types\/post"}],"author":[{"embeddable":true,"href":"https:\/\/www.sudoestehoje.com.br\/novoportal\/wp-json\/wp\/v2\/users\/2"}],"replies":[{"embeddable":true,"href":"https:\/\/www.sudoestehoje.com.br\/novoportal\/wp-json\/wp\/v2\/comments?post=108020"}],"version-history":[{"count":2,"href":"https:\/\/www.sudoestehoje.com.br\/novoportal\/wp-json\/wp\/v2\/posts\/108020\/revisions"}],"predecessor-version":[{"id":108023,"href":"https:\/\/www.sudoestehoje.com.br\/novoportal\/wp-json\/wp\/v2\/posts\/108020\/revisions\/108023"}],"wp:featuredmedia":[{"embeddable":true,"href":"https:\/\/www.sudoestehoje.com.br\/novoportal\/wp-json\/wp\/v2\/media\/108022"}],"wp:attachment":[{"href":"https:\/\/www.sudoestehoje.com.br\/novoportal\/wp-json\/wp\/v2\/media?parent=108020"}],"wp:term":[{"taxonomy":"category","embeddable":true,"href":"https:\/\/www.sudoestehoje.com.br\/novoportal\/wp-json\/wp\/v2\/categories?post=108020"},{"taxonomy":"post_tag","embeddable":true,"href":"https:\/\/www.sudoestehoje.com.br\/novoportal\/wp-json\/wp\/v2\/tags?post=108020"}],"curies":[{"name":"wp","href":"https:\/\/api.w.org\/{rel}","templated":true}]}}