
{"id":108017,"date":"2023-02-23T22:38:11","date_gmt":"2023-02-24T01:38:11","guid":{"rendered":"https:\/\/www.sudoestehoje.com.br\/novoportal\/?p=108017"},"modified":"2023-02-23T22:38:11","modified_gmt":"2023-02-24T01:38:11","slug":"gasolina-e-etanol-devem-subir-em-marco-com-a-volta-de-impostos-federais","status":"publish","type":"post","link":"https:\/\/www.sudoestehoje.com.br\/novoportal\/2023\/02\/23\/gasolina-e-etanol-devem-subir-em-marco-com-a-volta-de-impostos-federais\/","title":{"rendered":"GASOLINA E ETANOL DEVEM SUBIR EM MAR\u00c7O COM A VOLTA DE IMPOSTOS FEDERAIS"},"content":{"rendered":"<p><a href=\"https:\/\/www.sudoestehoje.com.br\/novoportal\/wp-content\/uploads\/2023\/02\/063_1400495217.jpg.webp\"><img loading=\"lazy\" decoding=\"async\" class=\"aligncenter size-medium wp-image-108018\" src=\"https:\/\/www.sudoestehoje.com.br\/novoportal\/wp-content\/uploads\/2023\/02\/063_1400495217.jpg-500x281.webp\" alt=\"\" width=\"500\" height=\"281\" srcset=\"https:\/\/www.sudoestehoje.com.br\/novoportal\/wp-content\/uploads\/2023\/02\/063_1400495217.jpg-500x281.webp 500w, https:\/\/www.sudoestehoje.com.br\/novoportal\/wp-content\/uploads\/2023\/02\/063_1400495217.jpg-700x394.webp 700w, https:\/\/www.sudoestehoje.com.br\/novoportal\/wp-content\/uploads\/2023\/02\/063_1400495217.jpg-768x432.webp 768w, https:\/\/www.sudoestehoje.com.br\/novoportal\/wp-content\/uploads\/2023\/02\/063_1400495217.jpg.webp 1280w\" sizes=\"auto, (max-width: 500px) 100vw, 500px\" \/><\/a><\/p>\n<p><strong>Os pre\u00e7os da gasolina e do etanol devem sofrer aumento em mar\u00e7o. Isso porque a isen\u00e7\u00e3o dos tributos federais sobre esses combust\u00edveis vale at\u00e9 o dia 28 de fevereiro.\u00a0<\/strong><\/p>\n<p><strong>Segundo o o chefe do Centro de Estudos Tribut\u00e1rios e Aduaneiros da\u00a0Receita Federal, Claudemir Malaquias, a reonera\u00e7\u00e3o est\u00e1 prevista para mar\u00e7o.<\/strong><\/p>\n<p><strong>O governo do presidente Luiz In\u00e1cio Lula da Silva (PT) prorrogou, via medida provis\u00f3ria, a desonera\u00e7\u00e3o de PIS e Cofins sobre os combust\u00edveis at\u00e9 o fim de fevereiro e at\u00e9 dezembro no caso do diesel.<\/strong><\/p>\n<p><strong>A redu\u00e7\u00e3o de impostos foi uma medida tomada pelo governo de Jair Bolsonaro em julho do ano passado junto com a redu\u00e7\u00e3o do ICMS nos estados, ap\u00f3s aprova\u00e7\u00e3o no Congresso Nacional.<\/strong><\/p>\n","protected":false},"excerpt":{"rendered":"<p>Os pre\u00e7os da gasolina e do etanol devem sofrer aumento em mar\u00e7o. Isso porque a isen\u00e7\u00e3o dos tributos federais sobre esses combust\u00edveis vale at\u00e9 o dia 28 de fevereiro.\u00a0 Segundo o o chefe do Centro de Estudos Tribut\u00e1rios e Aduaneiros da\u00a0Receita Federal, Claudemir Malaquias, a reonera\u00e7\u00e3o est\u00e1 prevista para mar\u00e7o. O governo do presidente Luiz [&hellip;]<\/p>\n","protected":false},"author":2,"featured_media":108018,"comment_status":"open","ping_status":"open","sticky":false,"template":"","format":"standard","meta":{"footnotes":"","_links_to":"","_links_to_target":""},"categories":[1],"tags":[],"class_list":["post-108017","post","type-post","status-publish","format-standard","has-post-thumbnail","hentry","category-geral"],"views":724,"_links":{"self":[{"href":"https:\/\/www.sudoestehoje.com.br\/novoportal\/wp-json\/wp\/v2\/posts\/108017","targetHints":{"allow":["GET"]}}],"collection":[{"href":"https:\/\/www.sudoestehoje.com.br\/novoportal\/wp-json\/wp\/v2\/posts"}],"about":[{"href":"https:\/\/www.sudoestehoje.com.br\/novoportal\/wp-json\/wp\/v2\/types\/post"}],"author":[{"embeddable":true,"href":"https:\/\/www.sudoestehoje.com.br\/novoportal\/wp-json\/wp\/v2\/users\/2"}],"replies":[{"embeddable":true,"href":"https:\/\/www.sudoestehoje.com.br\/novoportal\/wp-json\/wp\/v2\/comments?post=108017"}],"version-history":[{"count":1,"href":"https:\/\/www.sudoestehoje.com.br\/novoportal\/wp-json\/wp\/v2\/posts\/108017\/revisions"}],"predecessor-version":[{"id":108019,"href":"https:\/\/www.sudoestehoje.com.br\/novoportal\/wp-json\/wp\/v2\/posts\/108017\/revisions\/108019"}],"wp:featuredmedia":[{"embeddable":true,"href":"https:\/\/www.sudoestehoje.com.br\/novoportal\/wp-json\/wp\/v2\/media\/108018"}],"wp:attachment":[{"href":"https:\/\/www.sudoestehoje.com.br\/novoportal\/wp-json\/wp\/v2\/media?parent=108017"}],"wp:term":[{"taxonomy":"category","embeddable":true,"href":"https:\/\/www.sudoestehoje.com.br\/novoportal\/wp-json\/wp\/v2\/categories?post=108017"},{"taxonomy":"post_tag","embeddable":true,"href":"https:\/\/www.sudoestehoje.com.br\/novoportal\/wp-json\/wp\/v2\/tags?post=108017"}],"curies":[{"name":"wp","href":"https:\/\/api.w.org\/{rel}","templated":true}]}}