
{"id":108000,"date":"2023-02-22T18:45:02","date_gmt":"2023-02-22T21:45:02","guid":{"rendered":"https:\/\/www.sudoestehoje.com.br\/novoportal\/?p=108000"},"modified":"2023-02-22T18:45:02","modified_gmt":"2023-02-22T21:45:02","slug":"video-hit-zona-de-perigo-de-leo-santana-vence-o-trofeu-bahia-folia-2023","status":"publish","type":"post","link":"https:\/\/www.sudoestehoje.com.br\/novoportal\/2023\/02\/22\/video-hit-zona-de-perigo-de-leo-santana-vence-o-trofeu-bahia-folia-2023\/","title":{"rendered":"V\u00cdDEO | HIT &#8216;ZONA DE PERIGO&#8217;, DE L\u00c9O SANTANA, VENCE O TROF\u00c9U BAHIA FOLIA 2023"},"content":{"rendered":"<div id=\"chunk-7bda0\">\n<div class=\"mc-column content-text active-extra-styles \" data-block-type=\"unstyled\" data-block-weight=\"32\" data-block-id=\"3\">\n<p data-track-category=\"Link no Texto\" data-track-links=\"\"><a href=\"https:\/\/www.sudoestehoje.com.br\/novoportal\/wp-content\/uploads\/2023\/02\/thumbnail-img-7955.webp\"><img loading=\"lazy\" decoding=\"async\" class=\"aligncenter size-medium wp-image-108001\" src=\"https:\/\/www.sudoestehoje.com.br\/novoportal\/wp-content\/uploads\/2023\/02\/thumbnail-img-7955-500x333.webp\" alt=\"\" width=\"500\" height=\"333\" srcset=\"https:\/\/www.sudoestehoje.com.br\/novoportal\/wp-content\/uploads\/2023\/02\/thumbnail-img-7955-500x333.webp 500w, https:\/\/www.sudoestehoje.com.br\/novoportal\/wp-content\/uploads\/2023\/02\/thumbnail-img-7955-700x466.webp 700w, https:\/\/www.sudoestehoje.com.br\/novoportal\/wp-content\/uploads\/2023\/02\/thumbnail-img-7955-768x511.webp 768w, https:\/\/www.sudoestehoje.com.br\/novoportal\/wp-content\/uploads\/2023\/02\/thumbnail-img-7955.webp 1000w\" sizes=\"auto, (max-width: 500px) 100vw, 500px\" \/><\/a><\/p>\n<p class=\"content-text__container \" data-track-category=\"Link no Texto\" data-track-links=\"\">O hit &#8220;Zona de Perigo&#8221;, interpretado por\u00a0<a href=\"https:\/\/g1.globo.com\/tudo-sobre\/leo-santana\/\">L\u00e9o Santana<\/a>, foi a m\u00fasica escolhida pelo p\u00fablico na vota\u00e7\u00e3o do Trof\u00e9u Bahia Folia, da TV Bahia. O resultado foi divulgado nesta quarta-feira (22).<\/p>\n<\/div>\n<\/div>\n<div class=\"wall protected-content\">\n<div id=\"chunk-a466\">\n<div class=\"mc-column content-text active-extra-styles \" data-block-type=\"unstyled\" data-block-weight=\"30\" data-block-id=\"4\">\n<p class=\"content-text__container \" data-track-category=\"Link no Texto\" data-track-links=\"\">Com essa conquista, o GG se torna tricampe\u00e3o, j\u00e1 que foi o vencedor do t\u00edtulo nos anos de 2010 (Rebolation &#8211; quando era vocalista da banda Parangol\u00e9) e 2017 (Santinha).<\/p>\n<div id=\"chunk-6gll3\">\n<div class=\"mc-column content-text active-extra-styles \" data-block-type=\"unstyled\" data-block-weight=\"35\" data-block-id=\"7\">\n<p class=\"content-text__container \" data-track-category=\"Link no Texto\" data-track-links=\"\">Composi\u00e7\u00e3o de Adriel Max, Fella Brown, Pierrot Junior, Rafa Chagas ex-vocalista do Timbalada, e Yvees Santana, a m\u00fasica teve 42,40% dos votos na disputa que teve mais de um milh\u00e3o de votos (foram exatamente 1.127.370).<\/p>\n<\/div>\n<\/div>\n<div id=\"chunk-d8l40\">\n<div class=\"mc-column content-text active-extra-styles \" data-block-type=\"unstyled\" data-block-weight=\"35\" data-block-id=\"8\">\n<p class=\"content-text__container \" data-track-category=\"Link no Texto\" data-track-links=\"\">O cantor recebeu o trof\u00e9u ao vivo nesta quarta-feira (22), durante o Bahia Meio Dia. Ele puxava um trio el\u00e9trico e, ao saber da vit\u00f3ria, agradeceu aos compositores da can\u00e7\u00e3o e ao p\u00fablico.<\/p>\n<p><iframe loading=\"lazy\" title=\"L\u00c9O SANTANA | ZONA DE PERIGO (M\u00fasica do CARNAVAL 2023)  Salvador - BA | QUINTA\" width=\"500\" height=\"281\" src=\"https:\/\/www.youtube.com\/embed\/K9gyuj2dxLw?start=6&#038;feature=oembed\" frameborder=\"0\" allow=\"accelerometer; autoplay; clipboard-write; encrypted-media; gyroscope; picture-in-picture; web-share\" referrerpolicy=\"strict-origin-when-cross-origin\" allowfullscreen><\/iframe><\/p>\n<\/div>\n<\/div>\n<\/div>\n<\/div>\n<\/div>\n","protected":false},"excerpt":{"rendered":"<p>O hit &#8220;Zona de Perigo&#8221;, interpretado por\u00a0L\u00e9o Santana, foi a m\u00fasica escolhida pelo p\u00fablico na vota\u00e7\u00e3o do Trof\u00e9u Bahia Folia, da TV Bahia. O resultado foi divulgado nesta quarta-feira (22). Com essa conquista, o GG se torna tricampe\u00e3o, j\u00e1 que foi o vencedor do t\u00edtulo nos anos de 2010 (Rebolation &#8211; quando era vocalista da [&hellip;]<\/p>\n","protected":false},"author":2,"featured_media":108001,"comment_status":"open","ping_status":"open","sticky":false,"template":"","format":"standard","meta":{"footnotes":"","_links_to":"","_links_to_target":""},"categories":[1],"tags":[],"class_list":["post-108000","post","type-post","status-publish","format-standard","has-post-thumbnail","hentry","category-geral"],"views":762,"_links":{"self":[{"href":"https:\/\/www.sudoestehoje.com.br\/novoportal\/wp-json\/wp\/v2\/posts\/108000","targetHints":{"allow":["GET"]}}],"collection":[{"href":"https:\/\/www.sudoestehoje.com.br\/novoportal\/wp-json\/wp\/v2\/posts"}],"about":[{"href":"https:\/\/www.sudoestehoje.com.br\/novoportal\/wp-json\/wp\/v2\/types\/post"}],"author":[{"embeddable":true,"href":"https:\/\/www.sudoestehoje.com.br\/novoportal\/wp-json\/wp\/v2\/users\/2"}],"replies":[{"embeddable":true,"href":"https:\/\/www.sudoestehoje.com.br\/novoportal\/wp-json\/wp\/v2\/comments?post=108000"}],"version-history":[{"count":3,"href":"https:\/\/www.sudoestehoje.com.br\/novoportal\/wp-json\/wp\/v2\/posts\/108000\/revisions"}],"predecessor-version":[{"id":108004,"href":"https:\/\/www.sudoestehoje.com.br\/novoportal\/wp-json\/wp\/v2\/posts\/108000\/revisions\/108004"}],"wp:featuredmedia":[{"embeddable":true,"href":"https:\/\/www.sudoestehoje.com.br\/novoportal\/wp-json\/wp\/v2\/media\/108001"}],"wp:attachment":[{"href":"https:\/\/www.sudoestehoje.com.br\/novoportal\/wp-json\/wp\/v2\/media?parent=108000"}],"wp:term":[{"taxonomy":"category","embeddable":true,"href":"https:\/\/www.sudoestehoje.com.br\/novoportal\/wp-json\/wp\/v2\/categories?post=108000"},{"taxonomy":"post_tag","embeddable":true,"href":"https:\/\/www.sudoestehoje.com.br\/novoportal\/wp-json\/wp\/v2\/tags?post=108000"}],"curies":[{"name":"wp","href":"https:\/\/api.w.org\/{rel}","templated":true}]}}