
{"id":10800,"date":"2011-11-29T08:20:51","date_gmt":"2011-11-29T11:20:51","guid":{"rendered":"http:\/\/www.sudoestehoje.com.br\/novoportal\/?p=10800"},"modified":"2011-11-29T08:20:51","modified_gmt":"2011-11-29T11:20:51","slug":"deputado-fabricio-regula-companheiro-do-pcdob","status":"publish","type":"post","link":"https:\/\/www.sudoestehoje.com.br\/novoportal\/2011\/11\/29\/deputado-fabricio-regula-companheiro-do-pcdob\/","title":{"rendered":"DEPUTADO FABR\u00cdCIO &#8216;REGULA&#8217; COMPANHEIRO DO PCdoB"},"content":{"rendered":"<p style=\"text-align: center;\"><img decoding=\"async\" src=\"http:\/\/www.politicalivre.com.br\/wp-content\/uploads\/2011\/11\/falcaoxalvaro_victorpinto-300x300.jpg\" alt=\"\" \/><\/p>\n<p style=\"text-align: center;\"><em><strong>Fabr\u00edcio Falc\u00e3o passou uma descompostura no &#8216;companheiro&#8217; \u00c1lvaro Gomes<\/strong><\/em><\/p>\n<p>O deputado Fabr\u00edcio Falc\u00e3o (PCdoB), em pronunciamento no plen\u00e1rio da Assembleia Legislativa da Bahia (ALBA), atacou o seu companheiro de partido \u00c1lvaro Gomes, ao comentar mat\u00e9ria veiculada pelo programa Brasil Urgente, da TV Band, sobre os parlamentares faltosos do Legislativo baiano. Falc\u00e3o criticou o comunista, afirmando que o parlamentar \u201cs\u00f3 tem anseios para o pr\u00f3prio umbigo\u201d e foi \u201cgrosseiro\u201d ao criticar os colegas da Assembleia que marcam suas presen\u00e7as nas sess\u00f5es e saem para outros compromissos. Fabr\u00edcio Falc\u00e3o ainda considerou o rep\u00f3rter da mat\u00e9ria \u201cirrespons\u00e1vel e inconsequente\u201d e bradou: \u201cn\u00e3o \u00e9 jornalista que vai dizer como eu devo agir\u201d. \u201cO mandato se faz fora [da Assembleia]. Antes de colocar a bunda nesta cadeira [do plen\u00e1rio], temos que acompanhar os atos, atender lideran\u00e7as nos gabinetes e nas secretarias\u201d, disse. A deputada Kelly Magalh\u00e3es, da mesma legenda, parabenizou o pronunciamento do deputado. Pol\u00edtica Livre<\/p>\n","protected":false},"excerpt":{"rendered":"<p>Fabr\u00edcio Falc\u00e3o passou uma descompostura no &#8216;companheiro&#8217; \u00c1lvaro Gomes O deputado Fabr\u00edcio Falc\u00e3o (PCdoB), em pronunciamento no plen\u00e1rio da Assembleia Legislativa da Bahia (ALBA), atacou o seu companheiro de partido \u00c1lvaro Gomes, ao comentar mat\u00e9ria veiculada pelo programa Brasil Urgente, da TV Band, sobre os parlamentares faltosos do Legislativo baiano. Falc\u00e3o criticou o comunista, afirmando [&hellip;]<\/p>\n","protected":false},"author":2,"featured_media":0,"comment_status":"open","ping_status":"open","sticky":false,"template":"","format":"standard","meta":{"footnotes":"","_links_to":"","_links_to_target":""},"categories":[1],"tags":[],"class_list":["post-10800","post","type-post","status-publish","format-standard","hentry","category-geral"],"views":1446,"_links":{"self":[{"href":"https:\/\/www.sudoestehoje.com.br\/novoportal\/wp-json\/wp\/v2\/posts\/10800","targetHints":{"allow":["GET"]}}],"collection":[{"href":"https:\/\/www.sudoestehoje.com.br\/novoportal\/wp-json\/wp\/v2\/posts"}],"about":[{"href":"https:\/\/www.sudoestehoje.com.br\/novoportal\/wp-json\/wp\/v2\/types\/post"}],"author":[{"embeddable":true,"href":"https:\/\/www.sudoestehoje.com.br\/novoportal\/wp-json\/wp\/v2\/users\/2"}],"replies":[{"embeddable":true,"href":"https:\/\/www.sudoestehoje.com.br\/novoportal\/wp-json\/wp\/v2\/comments?post=10800"}],"version-history":[{"count":4,"href":"https:\/\/www.sudoestehoje.com.br\/novoportal\/wp-json\/wp\/v2\/posts\/10800\/revisions"}],"predecessor-version":[{"id":10804,"href":"https:\/\/www.sudoestehoje.com.br\/novoportal\/wp-json\/wp\/v2\/posts\/10800\/revisions\/10804"}],"wp:attachment":[{"href":"https:\/\/www.sudoestehoje.com.br\/novoportal\/wp-json\/wp\/v2\/media?parent=10800"}],"wp:term":[{"taxonomy":"category","embeddable":true,"href":"https:\/\/www.sudoestehoje.com.br\/novoportal\/wp-json\/wp\/v2\/categories?post=10800"},{"taxonomy":"post_tag","embeddable":true,"href":"https:\/\/www.sudoestehoje.com.br\/novoportal\/wp-json\/wp\/v2\/tags?post=10800"}],"curies":[{"name":"wp","href":"https:\/\/api.w.org\/{rel}","templated":true}]}}