
{"id":107995,"date":"2023-02-22T18:21:36","date_gmt":"2023-02-22T21:21:36","guid":{"rendered":"https:\/\/www.sudoestehoje.com.br\/novoportal\/?p=107995"},"modified":"2023-02-22T18:21:36","modified_gmt":"2023-02-22T21:21:36","slug":"imperatriz-e-campea-do-carnaval-do-rio","status":"publish","type":"post","link":"https:\/\/www.sudoestehoje.com.br\/novoportal\/2023\/02\/22\/imperatriz-e-campea-do-carnaval-do-rio\/","title":{"rendered":"IMPERATRIZ \u00c9 CAMPE\u00c3 DO CARNAVAL DO RIO"},"content":{"rendered":"<div id=\"chunk-27pr3\">\n<div class=\"mc-column content-text active-extra-styles \" data-block-type=\"unstyled\" data-block-weight=\"60\" data-block-id=\"3\">\n<p data-track-category=\"Link no Texto\" data-track-links=\"\"><a href=\"https:\/\/www.sudoestehoje.com.br\/novoportal\/wp-content\/uploads\/2023\/02\/imperatriz_desfile-2023_40.jpg\"><img loading=\"lazy\" decoding=\"async\" class=\"aligncenter size-medium wp-image-107996\" src=\"https:\/\/www.sudoestehoje.com.br\/novoportal\/wp-content\/uploads\/2023\/02\/imperatriz_desfile-2023_40-500x333.jpg\" alt=\"\" width=\"500\" height=\"333\" srcset=\"https:\/\/www.sudoestehoje.com.br\/novoportal\/wp-content\/uploads\/2023\/02\/imperatriz_desfile-2023_40-500x333.jpg 500w, https:\/\/www.sudoestehoje.com.br\/novoportal\/wp-content\/uploads\/2023\/02\/imperatriz_desfile-2023_40-700x467.jpg 700w, https:\/\/www.sudoestehoje.com.br\/novoportal\/wp-content\/uploads\/2023\/02\/imperatriz_desfile-2023_40-768x512.jpg 768w, https:\/\/www.sudoestehoje.com.br\/novoportal\/wp-content\/uploads\/2023\/02\/imperatriz_desfile-2023_40.jpg 978w\" sizes=\"auto, (max-width: 500px) 100vw, 500px\" \/><\/a><\/p>\n<p class=\"content-text__container \" data-track-category=\"Link no Texto\" data-track-links=\"\">A\u00a0Imperatriz Leopoldinense\u00a0\u00e9 a grande campe\u00e3 do carnaval 2023 no\u00a0Rio de Janeiro. A Verde e Branca de Ramos chegou ao\u00a0<strong>nono t\u00edtulo da hist\u00f3ria<\/strong>\u00a0<span class=\"highlight highlighted\">apenas\u00a0<\/span><span class=\"highlight highlighted\">um ano depois de regressar ao Grupo Especial<\/span>\u00a0\u2014\u00a0em 2019, foi rebaixada para a S\u00e9rie Ouro,\u00a0conquistou em 2020 o acesso\u00a0e\u00a0reestreou na elite em 2022, quando\u00a0ficou em 10\u00ba lugar.<\/p>\n<p data-track-category=\"Link no Texto\" data-track-links=\"\"><a href=\"https:\/\/www.sudoestehoje.com.br\/novoportal\/wp-content\/uploads\/2023\/02\/dsc-6679.webp\"><img loading=\"lazy\" decoding=\"async\" class=\"aligncenter size-medium wp-image-107998\" src=\"https:\/\/www.sudoestehoje.com.br\/novoportal\/wp-content\/uploads\/2023\/02\/dsc-6679-500x333.webp\" alt=\"\" width=\"500\" height=\"333\" srcset=\"https:\/\/www.sudoestehoje.com.br\/novoportal\/wp-content\/uploads\/2023\/02\/dsc-6679-500x333.webp 500w, https:\/\/www.sudoestehoje.com.br\/novoportal\/wp-content\/uploads\/2023\/02\/dsc-6679-700x467.webp 700w, https:\/\/www.sudoestehoje.com.br\/novoportal\/wp-content\/uploads\/2023\/02\/dsc-6679-768x512.webp 768w, https:\/\/www.sudoestehoje.com.br\/novoportal\/wp-content\/uploads\/2023\/02\/dsc-6679.webp 1008w\" sizes=\"auto, (max-width: 500px) 100vw, 500px\" \/><\/a><\/p>\n<\/div>\n<\/div>\n<div class=\"wall protected-content\">\n<div id=\"chunk-dpf4q\">\n<div class=\"mc-column content-text active-extra-styles \" data-block-type=\"unstyled\" data-block-weight=\"53\" data-block-id=\"4\">\n<p class=\"content-text__container \" data-track-category=\"Link no Texto\" data-track-links=\"\">A vit\u00f3ria,\u00a0<span class=\"highlight highlighted\">22 anos depois da \u00faltima conquista<\/span>,\u00a0veio com uma divertida f\u00e1bula sobre Lampi\u00e3o, o Rei do Canga\u00e7o.\u00a0<strong>Leandro Vieira<\/strong>, que conquistou seu\u00a0<strong>terceiro campeonato<\/strong>\u00a0no Grupo Especial, retratou a vida e a morte do jagun\u00e7o, barrado no inferno e no c\u00e9u, \u00e0 luz da cultura do cordel e num Nordeste multicolorido.<\/p>\n<div class=\"mc-column content-text active-extra-styles\" data-block-type=\"raw\" data-block-weight=\"2\" data-block-id=\"16\">\n<div class=\"content-intertitle\">\n<h2>Classifica\u00e7\u00e3o final<\/h2>\n<\/div>\n<\/div>\n<div class=\"mc-column content-text active-extra-styles\" data-block-type=\"raw\" data-block-weight=\"49\" data-block-id=\"17\">\n<ol class=\"content-ordered-list theme-ordered-list-color-primary\">\n<li>Imperatriz Leopoldinense: 269,8<\/li>\n<li>Unidos do Viradouro: 269,7<\/li>\n<li>Unidos de Vila Isabel: 269,3<\/li>\n<li>Beija-Flor de Nil\u00f3polis: 269,2<\/li>\n<li>Esta\u00e7\u00e3o Primeira de Mangueira: 269,1<\/li>\n<li>Acad\u00eamicos do Grande Rio: 268,6<\/li>\n<li><a href=\"https:\/\/g1.globo.com\/carnaval\/escola-de-samba\/academicos-do-salgueiro\/\">Acad\u00eamicos do Salgueiro<\/a>: 268,5<\/li>\n<li><a href=\"https:\/\/g1.globo.com\/carnaval\/escola-de-samba\/paraiso-do-tuiuti\/\">Para\u00edso do Tuiuti<\/a>: 268,3<\/li>\n<li><a href=\"https:\/\/g1.globo.com\/carnaval\/escola-de-samba\/unidos-da-tijuca\/\">Unidos da Tijuca<\/a>: 268,2<\/li>\n<li><a href=\"https:\/\/g1.globo.com\/carnaval\/escola-de-samba\/portela\/\">Portela<\/a>: 267,7<\/li>\n<li><a href=\"https:\/\/g1.globo.com\/carnaval\/escola-de-samba\/mocidade-independente-de-padre-miguel\/\">Mocidade Independente de Padre Miguel<\/a>: 266,6<\/li>\n<li>Imp\u00e9rio Serrano: 265,6<\/li>\n<\/ol>\n<\/div>\n<\/div>\n<\/div>\n<\/div>\n","protected":false},"excerpt":{"rendered":"<p>A\u00a0Imperatriz Leopoldinense\u00a0\u00e9 a grande campe\u00e3 do carnaval 2023 no\u00a0Rio de Janeiro. A Verde e Branca de Ramos chegou ao\u00a0nono t\u00edtulo da hist\u00f3ria\u00a0apenas\u00a0um ano depois de regressar ao Grupo Especial\u00a0\u2014\u00a0em 2019, foi rebaixada para a S\u00e9rie Ouro,\u00a0conquistou em 2020 o acesso\u00a0e\u00a0reestreou na elite em 2022, quando\u00a0ficou em 10\u00ba lugar. A vit\u00f3ria,\u00a022 anos depois da \u00faltima conquista,\u00a0veio [&hellip;]<\/p>\n","protected":false},"author":2,"featured_media":107998,"comment_status":"open","ping_status":"open","sticky":false,"template":"","format":"standard","meta":{"footnotes":"","_links_to":"","_links_to_target":""},"categories":[1],"tags":[],"class_list":["post-107995","post","type-post","status-publish","format-standard","has-post-thumbnail","hentry","category-geral"],"views":783,"_links":{"self":[{"href":"https:\/\/www.sudoestehoje.com.br\/novoportal\/wp-json\/wp\/v2\/posts\/107995","targetHints":{"allow":["GET"]}}],"collection":[{"href":"https:\/\/www.sudoestehoje.com.br\/novoportal\/wp-json\/wp\/v2\/posts"}],"about":[{"href":"https:\/\/www.sudoestehoje.com.br\/novoportal\/wp-json\/wp\/v2\/types\/post"}],"author":[{"embeddable":true,"href":"https:\/\/www.sudoestehoje.com.br\/novoportal\/wp-json\/wp\/v2\/users\/2"}],"replies":[{"embeddable":true,"href":"https:\/\/www.sudoestehoje.com.br\/novoportal\/wp-json\/wp\/v2\/comments?post=107995"}],"version-history":[{"count":2,"href":"https:\/\/www.sudoestehoje.com.br\/novoportal\/wp-json\/wp\/v2\/posts\/107995\/revisions"}],"predecessor-version":[{"id":107999,"href":"https:\/\/www.sudoestehoje.com.br\/novoportal\/wp-json\/wp\/v2\/posts\/107995\/revisions\/107999"}],"wp:featuredmedia":[{"embeddable":true,"href":"https:\/\/www.sudoestehoje.com.br\/novoportal\/wp-json\/wp\/v2\/media\/107998"}],"wp:attachment":[{"href":"https:\/\/www.sudoestehoje.com.br\/novoportal\/wp-json\/wp\/v2\/media?parent=107995"}],"wp:term":[{"taxonomy":"category","embeddable":true,"href":"https:\/\/www.sudoestehoje.com.br\/novoportal\/wp-json\/wp\/v2\/categories?post=107995"},{"taxonomy":"post_tag","embeddable":true,"href":"https:\/\/www.sudoestehoje.com.br\/novoportal\/wp-json\/wp\/v2\/tags?post=107995"}],"curies":[{"name":"wp","href":"https:\/\/api.w.org\/{rel}","templated":true}]}}