
{"id":107989,"date":"2023-02-22T10:23:33","date_gmt":"2023-02-22T13:23:33","guid":{"rendered":"https:\/\/www.sudoestehoje.com.br\/novoportal\/?p=107989"},"modified":"2023-02-22T18:04:22","modified_gmt":"2023-02-22T21:04:22","slug":"bancos-reabrem-hoje-a-partir-do-meio-dia","status":"publish","type":"post","link":"https:\/\/www.sudoestehoje.com.br\/novoportal\/2023\/02\/22\/bancos-reabrem-hoje-a-partir-do-meio-dia\/","title":{"rendered":"BANCOS REABREM HOJE \u00c0 PARTIR DO MEIO DIA"},"content":{"rendered":"<p><a href=\"https:\/\/www.sudoestehoje.com.br\/novoportal\/wp-content\/uploads\/2023\/02\/bb-1.jpg\"><img loading=\"lazy\" decoding=\"async\" class=\"aligncenter size-medium wp-image-107991\" src=\"https:\/\/www.sudoestehoje.com.br\/novoportal\/wp-content\/uploads\/2023\/02\/bb-1-500x375.jpg\" alt=\"\" width=\"500\" height=\"375\" srcset=\"https:\/\/www.sudoestehoje.com.br\/novoportal\/wp-content\/uploads\/2023\/02\/bb-1-500x375.jpg 500w, https:\/\/www.sudoestehoje.com.br\/novoportal\/wp-content\/uploads\/2023\/02\/bb-1-700x525.jpg 700w, https:\/\/www.sudoestehoje.com.br\/novoportal\/wp-content\/uploads\/2023\/02\/bb-1-768x576.jpg 768w, https:\/\/www.sudoestehoje.com.br\/novoportal\/wp-content\/uploads\/2023\/02\/bb-1.jpg 960w\" sizes=\"auto, (max-width: 500px) 100vw, 500px\" \/><\/a><\/p>\n<p><strong>As ag\u00eancias banc\u00e1rias reabrem nesta Quarta-feira de Cinzas (22), a partir de 12h, no hor\u00e1rio local e o fechamento est\u00e1 previsto para o hor\u00e1rio normal, em cada munic\u00edpio. <\/strong><\/p>\n<p><strong>O atendimento foi suspenso durante o feriado de carnaval, na segunda (20) e ter\u00e7a-feiras (21). Mas, de acordo com Federa\u00e7\u00e3o Brasileira de Bancos (Febraban), nas localidades em que as ag\u00eancias fecham normalmente antes das 15h, o in\u00edcio do expediente banc\u00e1rio ser\u00e1 antecipado. <\/strong><\/p>\n<p><strong>O objetivo \u00e9 garantir o m\u00ednimo de 3 horas de atendimento presencial ao p\u00fablico.<\/strong><\/p>\n","protected":false},"excerpt":{"rendered":"<p>As ag\u00eancias banc\u00e1rias reabrem nesta Quarta-feira de Cinzas (22), a partir de 12h, no hor\u00e1rio local e o fechamento est\u00e1 previsto para o hor\u00e1rio normal, em cada munic\u00edpio. O atendimento foi suspenso durante o feriado de carnaval, na segunda (20) e ter\u00e7a-feiras (21). Mas, de acordo com Federa\u00e7\u00e3o Brasileira de Bancos (Febraban), nas localidades em [&hellip;]<\/p>\n","protected":false},"author":2,"featured_media":107991,"comment_status":"open","ping_status":"open","sticky":false,"template":"","format":"standard","meta":{"footnotes":"","_links_to":"","_links_to_target":""},"categories":[1],"tags":[],"class_list":["post-107989","post","type-post","status-publish","format-standard","has-post-thumbnail","hentry","category-geral"],"views":633,"_links":{"self":[{"href":"https:\/\/www.sudoestehoje.com.br\/novoportal\/wp-json\/wp\/v2\/posts\/107989","targetHints":{"allow":["GET"]}}],"collection":[{"href":"https:\/\/www.sudoestehoje.com.br\/novoportal\/wp-json\/wp\/v2\/posts"}],"about":[{"href":"https:\/\/www.sudoestehoje.com.br\/novoportal\/wp-json\/wp\/v2\/types\/post"}],"author":[{"embeddable":true,"href":"https:\/\/www.sudoestehoje.com.br\/novoportal\/wp-json\/wp\/v2\/users\/2"}],"replies":[{"embeddable":true,"href":"https:\/\/www.sudoestehoje.com.br\/novoportal\/wp-json\/wp\/v2\/comments?post=107989"}],"version-history":[{"count":2,"href":"https:\/\/www.sudoestehoje.com.br\/novoportal\/wp-json\/wp\/v2\/posts\/107989\/revisions"}],"predecessor-version":[{"id":107992,"href":"https:\/\/www.sudoestehoje.com.br\/novoportal\/wp-json\/wp\/v2\/posts\/107989\/revisions\/107992"}],"wp:featuredmedia":[{"embeddable":true,"href":"https:\/\/www.sudoestehoje.com.br\/novoportal\/wp-json\/wp\/v2\/media\/107991"}],"wp:attachment":[{"href":"https:\/\/www.sudoestehoje.com.br\/novoportal\/wp-json\/wp\/v2\/media?parent=107989"}],"wp:term":[{"taxonomy":"category","embeddable":true,"href":"https:\/\/www.sudoestehoje.com.br\/novoportal\/wp-json\/wp\/v2\/categories?post=107989"},{"taxonomy":"post_tag","embeddable":true,"href":"https:\/\/www.sudoestehoje.com.br\/novoportal\/wp-json\/wp\/v2\/tags?post=107989"}],"curies":[{"name":"wp","href":"https:\/\/api.w.org\/{rel}","templated":true}]}}