
{"id":107980,"date":"2023-02-21T19:26:57","date_gmt":"2023-02-21T22:26:57","guid":{"rendered":"https:\/\/www.sudoestehoje.com.br\/novoportal\/?p=107980"},"modified":"2023-02-21T19:26:57","modified_gmt":"2023-02-21T22:26:57","slug":"comercio-de-itapetinga-volta-a-funcionar-nesta-quarta-apos-feriadao-do-carnaval","status":"publish","type":"post","link":"https:\/\/www.sudoestehoje.com.br\/novoportal\/2023\/02\/21\/comercio-de-itapetinga-volta-a-funcionar-nesta-quarta-apos-feriadao-do-carnaval\/","title":{"rendered":"COM\u00c9RCIO DE ITAPETINGA VOLTA A FUNCIONAR NESTA QUARTA AP\u00d3S FERIAD\u00c3O DO CARNAVAL"},"content":{"rendered":"<p><a href=\"https:\/\/www.sudoestehoje.com.br\/novoportal\/wp-content\/uploads\/2023\/02\/WhatsApp-Image-2023-02-21-at-19.23.19.jpeg\"><img loading=\"lazy\" decoding=\"async\" class=\"aligncenter size-medium wp-image-107981\" src=\"https:\/\/www.sudoestehoje.com.br\/novoportal\/wp-content\/uploads\/2023\/02\/WhatsApp-Image-2023-02-21-at-19.23.19-500x282.jpeg\" alt=\"\" width=\"500\" height=\"282\" srcset=\"https:\/\/www.sudoestehoje.com.br\/novoportal\/wp-content\/uploads\/2023\/02\/WhatsApp-Image-2023-02-21-at-19.23.19-500x282.jpeg 500w, https:\/\/www.sudoestehoje.com.br\/novoportal\/wp-content\/uploads\/2023\/02\/WhatsApp-Image-2023-02-21-at-19.23.19-700x394.jpeg 700w, https:\/\/www.sudoestehoje.com.br\/novoportal\/wp-content\/uploads\/2023\/02\/WhatsApp-Image-2023-02-21-at-19.23.19-768x432.jpeg 768w, https:\/\/www.sudoestehoje.com.br\/novoportal\/wp-content\/uploads\/2023\/02\/WhatsApp-Image-2023-02-21-at-19.23.19-1536x865.jpeg 1536w, https:\/\/www.sudoestehoje.com.br\/novoportal\/wp-content\/uploads\/2023\/02\/WhatsApp-Image-2023-02-21-at-19.23.19.jpeg 1600w\" sizes=\"auto, (max-width: 500px) 100vw, 500px\" \/><\/a><\/p>\n<p><strong>Com o fim do feriad\u00e3o de Carnaval, o com\u00e9rcio de Itapetinga e cidades da regi\u00e3o retorna \u00e0 normalidade \u00e0 partir desta quarta-feira de cinzas (22), em hor\u00e1rio normal.<\/strong><\/p>\n<p><strong>Em algumas reparti\u00e7\u00f5es p\u00fablicas, o retorno acontecer\u00e1 \u00e0 partir das 13h.<\/strong><\/p>\n<p><strong>Itapetinga e demais cidades do M\u00e9dio Sudoeste n\u00e3o realizam os festejos de Carnaval, mas respeitam a antiga tradi\u00e7\u00e3o de folgar no feriad\u00e3o, quando grande parte da popula\u00e7\u00e3o procura as praias do sul do estado e at\u00e9 Salvador, onde o Carnaval &#8216;pega fogo&#8217;.<\/strong><\/p>\n<p><strong>Outros preferem os &#8216;retiros espirituais&#8217;&#8230;<\/strong><\/p>\n<p><em><strong>Por Davi Ferraz\u00a0<\/strong><\/em><\/p>\n","protected":false},"excerpt":{"rendered":"<p>Com o fim do feriad\u00e3o de Carnaval, o com\u00e9rcio de Itapetinga e cidades da regi\u00e3o retorna \u00e0 normalidade \u00e0 partir desta quarta-feira de cinzas (22), em hor\u00e1rio normal. Em algumas reparti\u00e7\u00f5es p\u00fablicas, o retorno acontecer\u00e1 \u00e0 partir das 13h. Itapetinga e demais cidades do M\u00e9dio Sudoeste n\u00e3o realizam os festejos de Carnaval, mas respeitam a [&hellip;]<\/p>\n","protected":false},"author":2,"featured_media":107981,"comment_status":"open","ping_status":"open","sticky":false,"template":"","format":"standard","meta":{"footnotes":"","_links_to":"","_links_to_target":""},"categories":[1],"tags":[],"class_list":["post-107980","post","type-post","status-publish","format-standard","has-post-thumbnail","hentry","category-geral"],"views":784,"_links":{"self":[{"href":"https:\/\/www.sudoestehoje.com.br\/novoportal\/wp-json\/wp\/v2\/posts\/107980","targetHints":{"allow":["GET"]}}],"collection":[{"href":"https:\/\/www.sudoestehoje.com.br\/novoportal\/wp-json\/wp\/v2\/posts"}],"about":[{"href":"https:\/\/www.sudoestehoje.com.br\/novoportal\/wp-json\/wp\/v2\/types\/post"}],"author":[{"embeddable":true,"href":"https:\/\/www.sudoestehoje.com.br\/novoportal\/wp-json\/wp\/v2\/users\/2"}],"replies":[{"embeddable":true,"href":"https:\/\/www.sudoestehoje.com.br\/novoportal\/wp-json\/wp\/v2\/comments?post=107980"}],"version-history":[{"count":2,"href":"https:\/\/www.sudoestehoje.com.br\/novoportal\/wp-json\/wp\/v2\/posts\/107980\/revisions"}],"predecessor-version":[{"id":107983,"href":"https:\/\/www.sudoestehoje.com.br\/novoportal\/wp-json\/wp\/v2\/posts\/107980\/revisions\/107983"}],"wp:featuredmedia":[{"embeddable":true,"href":"https:\/\/www.sudoestehoje.com.br\/novoportal\/wp-json\/wp\/v2\/media\/107981"}],"wp:attachment":[{"href":"https:\/\/www.sudoestehoje.com.br\/novoportal\/wp-json\/wp\/v2\/media?parent=107980"}],"wp:term":[{"taxonomy":"category","embeddable":true,"href":"https:\/\/www.sudoestehoje.com.br\/novoportal\/wp-json\/wp\/v2\/categories?post=107980"},{"taxonomy":"post_tag","embeddable":true,"href":"https:\/\/www.sudoestehoje.com.br\/novoportal\/wp-json\/wp\/v2\/tags?post=107980"}],"curies":[{"name":"wp","href":"https:\/\/api.w.org\/{rel}","templated":true}]}}