
{"id":10798,"date":"2011-11-29T08:11:45","date_gmt":"2011-11-29T11:11:45","guid":{"rendered":"http:\/\/www.sudoestehoje.com.br\/novoportal\/?p=10798"},"modified":"2011-11-29T08:11:45","modified_gmt":"2011-11-29T11:11:45","slug":"lula-de-novo","status":"publish","type":"post","link":"https:\/\/www.sudoestehoje.com.br\/novoportal\/2011\/11\/29\/lula-de-novo\/","title":{"rendered":"LULA DE NOVO?"},"content":{"rendered":"<p style=\"text-align: center;\"><img decoding=\"async\" src=\"http:\/\/www.politicalivre.com.br\/wp-content\/uploads\/2011\/11\/lula-259x300.jpg\" alt=\"\" \/><\/p>\n<p style=\"text-align: center;\"><em><strong>Ex-presidente Lula<\/strong><\/em><\/p>\n<p>\u201cAssim como n\u00e3o tenho coragem de dizer que vou concorrer a alguma coisa em algum momento, n\u00e3o tenho coragem de dizer que n\u00e3o vou\u201d. A declara\u00e7\u00e3o foi dada pelo ex-presidente Lula numa reportagem publicada na edi\u00e7\u00e3o desta semana da revista americana \u201cThe New Yorker\u201d. Na reportagem, sobre o governo Dilma, Lula, ao ser perguntado se consideraria voltar a disputar o cargo de presidente, n\u00e3o descarta a possibilidade. \u201cN\u00e3o existe isso de ficar fora da pol\u00edtica para sempre. S\u00f3 a morte pode tirar um pol\u00edtico da pol\u00edtica para sempre. Olhe o Jimmy Carter: teve uma Presid\u00eancia falha, e agora \u00e9 o melhor ex-pol\u00edtico na pol\u00edtica. Eu o admiro. E Clinton \u2013 nunca vai perder sua import\u00e2ncia. Ent\u00e3o, o que vai acontecer no futuro? Eu n\u00e3o sei. Eu j\u00e1 cumpri meu papel no Brasil\u201d, diz Lula na reportagem. O GLOBO<\/p>\n","protected":false},"excerpt":{"rendered":"<p>Ex-presidente Lula \u201cAssim como n\u00e3o tenho coragem de dizer que vou concorrer a alguma coisa em algum momento, n\u00e3o tenho coragem de dizer que n\u00e3o vou\u201d. A declara\u00e7\u00e3o foi dada pelo ex-presidente Lula numa reportagem publicada na edi\u00e7\u00e3o desta semana da revista americana \u201cThe New Yorker\u201d. Na reportagem, sobre o governo Dilma, Lula, ao ser [&hellip;]<\/p>\n","protected":false},"author":2,"featured_media":0,"comment_status":"open","ping_status":"open","sticky":false,"template":"","format":"standard","meta":{"footnotes":"","_links_to":"","_links_to_target":""},"categories":[1],"tags":[],"class_list":["post-10798","post","type-post","status-publish","format-standard","hentry","category-geral"],"views":1260,"_links":{"self":[{"href":"https:\/\/www.sudoestehoje.com.br\/novoportal\/wp-json\/wp\/v2\/posts\/10798","targetHints":{"allow":["GET"]}}],"collection":[{"href":"https:\/\/www.sudoestehoje.com.br\/novoportal\/wp-json\/wp\/v2\/posts"}],"about":[{"href":"https:\/\/www.sudoestehoje.com.br\/novoportal\/wp-json\/wp\/v2\/types\/post"}],"author":[{"embeddable":true,"href":"https:\/\/www.sudoestehoje.com.br\/novoportal\/wp-json\/wp\/v2\/users\/2"}],"replies":[{"embeddable":true,"href":"https:\/\/www.sudoestehoje.com.br\/novoportal\/wp-json\/wp\/v2\/comments?post=10798"}],"version-history":[{"count":1,"href":"https:\/\/www.sudoestehoje.com.br\/novoportal\/wp-json\/wp\/v2\/posts\/10798\/revisions"}],"predecessor-version":[{"id":10799,"href":"https:\/\/www.sudoestehoje.com.br\/novoportal\/wp-json\/wp\/v2\/posts\/10798\/revisions\/10799"}],"wp:attachment":[{"href":"https:\/\/www.sudoestehoje.com.br\/novoportal\/wp-json\/wp\/v2\/media?parent=10798"}],"wp:term":[{"taxonomy":"category","embeddable":true,"href":"https:\/\/www.sudoestehoje.com.br\/novoportal\/wp-json\/wp\/v2\/categories?post=10798"},{"taxonomy":"post_tag","embeddable":true,"href":"https:\/\/www.sudoestehoje.com.br\/novoportal\/wp-json\/wp\/v2\/tags?post=10798"}],"curies":[{"name":"wp","href":"https:\/\/api.w.org\/{rel}","templated":true}]}}