
{"id":107974,"date":"2023-02-20T21:54:07","date_gmt":"2023-02-21T00:54:07","guid":{"rendered":"https:\/\/www.sudoestehoje.com.br\/novoportal\/?p=107974"},"modified":"2023-02-20T21:54:07","modified_gmt":"2023-02-21T00:54:07","slug":"inmet-alerta-para-chuvas-intensas-com-perigo-potencial-para-regioes-da-bahia","status":"publish","type":"post","link":"https:\/\/www.sudoestehoje.com.br\/novoportal\/2023\/02\/20\/inmet-alerta-para-chuvas-intensas-com-perigo-potencial-para-regioes-da-bahia\/","title":{"rendered":"INMET ALERTA PARA CHUVAS INTENSAS COM &#8216;PERIGO POTENCIAL&#8217; PARA REGI\u00d5ES DA BAHIA"},"content":{"rendered":"<p><a href=\"https:\/\/www.sudoestehoje.com.br\/novoportal\/wp-content\/uploads\/2023\/02\/alaga-2.jpeg\"><img loading=\"lazy\" decoding=\"async\" class=\"aligncenter size-medium wp-image-107976\" src=\"https:\/\/www.sudoestehoje.com.br\/novoportal\/wp-content\/uploads\/2023\/02\/alaga-2-500x319.jpeg\" alt=\"\" width=\"500\" height=\"319\" srcset=\"https:\/\/www.sudoestehoje.com.br\/novoportal\/wp-content\/uploads\/2023\/02\/alaga-2-500x319.jpeg 500w, https:\/\/www.sudoestehoje.com.br\/novoportal\/wp-content\/uploads\/2023\/02\/alaga-2-700x447.jpeg 700w, https:\/\/www.sudoestehoje.com.br\/novoportal\/wp-content\/uploads\/2023\/02\/alaga-2-768x490.jpeg 768w, https:\/\/www.sudoestehoje.com.br\/novoportal\/wp-content\/uploads\/2023\/02\/alaga-2.jpeg 1280w\" sizes=\"auto, (max-width: 500px) 100vw, 500px\" \/><\/a><\/p>\n<p>O Instituto Nacional de Meteorologia (INMET) publicou nesta segunda-feira, 20, um aviso de chuvas intensas com grau de severidade classificado como &#8220;perigo potencial&#8221; que atinge regi\u00f5es da Bahia, Minas Gerais e S\u00e3o Paulo.<\/p>\n<p>Segundo o aviso, h\u00e1 um baixa risco de corte de energia el\u00e9trica, queda de galhos de \u00e1rvores, alagamentos e de descargas el\u00e9tricas nesses locais.<\/p>\n<p>De acordo com o aviso, as chuvas podem ficar entre 20 e 30 mm\/h ou at\u00e9 50 mm\/dia, com ventos intensos (40-60 km\/h). No comunicado do INMET, entraram no radar de &#8220;perigo potencial&#8221; as seguintes regi\u00f5es:\u00a0 Vale S\u00e3o-Franciscano da Bahia, Centro Norte Baiano, Norte de Minas, <strong>Centro Sul Baiano<\/strong>.<\/p>\n<p>Em Itapetinga, choveu durante toda a segunda-feira de Carnaval.<\/p>\n<p><em><strong>Reda\u00e7\u00e3o SH<\/strong><\/em><\/p>\n","protected":false},"excerpt":{"rendered":"<p>O Instituto Nacional de Meteorologia (INMET) publicou nesta segunda-feira, 20, um aviso de chuvas intensas com grau de severidade classificado como &#8220;perigo potencial&#8221; que atinge regi\u00f5es da Bahia, Minas Gerais e S\u00e3o Paulo. Segundo o aviso, h\u00e1 um baixa risco de corte de energia el\u00e9trica, queda de galhos de \u00e1rvores, alagamentos e de descargas el\u00e9tricas [&hellip;]<\/p>\n","protected":false},"author":2,"featured_media":107976,"comment_status":"open","ping_status":"open","sticky":false,"template":"","format":"standard","meta":{"footnotes":"","_links_to":"","_links_to_target":""},"categories":[1],"tags":[],"class_list":["post-107974","post","type-post","status-publish","format-standard","has-post-thumbnail","hentry","category-geral"],"views":754,"_links":{"self":[{"href":"https:\/\/www.sudoestehoje.com.br\/novoportal\/wp-json\/wp\/v2\/posts\/107974","targetHints":{"allow":["GET"]}}],"collection":[{"href":"https:\/\/www.sudoestehoje.com.br\/novoportal\/wp-json\/wp\/v2\/posts"}],"about":[{"href":"https:\/\/www.sudoestehoje.com.br\/novoportal\/wp-json\/wp\/v2\/types\/post"}],"author":[{"embeddable":true,"href":"https:\/\/www.sudoestehoje.com.br\/novoportal\/wp-json\/wp\/v2\/users\/2"}],"replies":[{"embeddable":true,"href":"https:\/\/www.sudoestehoje.com.br\/novoportal\/wp-json\/wp\/v2\/comments?post=107974"}],"version-history":[{"count":4,"href":"https:\/\/www.sudoestehoje.com.br\/novoportal\/wp-json\/wp\/v2\/posts\/107974\/revisions"}],"predecessor-version":[{"id":107979,"href":"https:\/\/www.sudoestehoje.com.br\/novoportal\/wp-json\/wp\/v2\/posts\/107974\/revisions\/107979"}],"wp:featuredmedia":[{"embeddable":true,"href":"https:\/\/www.sudoestehoje.com.br\/novoportal\/wp-json\/wp\/v2\/media\/107976"}],"wp:attachment":[{"href":"https:\/\/www.sudoestehoje.com.br\/novoportal\/wp-json\/wp\/v2\/media?parent=107974"}],"wp:term":[{"taxonomy":"category","embeddable":true,"href":"https:\/\/www.sudoestehoje.com.br\/novoportal\/wp-json\/wp\/v2\/categories?post=107974"},{"taxonomy":"post_tag","embeddable":true,"href":"https:\/\/www.sudoestehoje.com.br\/novoportal\/wp-json\/wp\/v2\/tags?post=107974"}],"curies":[{"name":"wp","href":"https:\/\/api.w.org\/{rel}","templated":true}]}}