
{"id":10796,"date":"2011-11-29T07:52:37","date_gmt":"2011-11-29T10:52:37","guid":{"rendered":"http:\/\/www.sudoestehoje.com.br\/novoportal\/?p=10796"},"modified":"2011-11-29T07:52:37","modified_gmt":"2011-11-29T10:52:37","slug":"regiao-nordeste-tem-a-menor-taxa-de-hiv-do-pais","status":"publish","type":"post","link":"https:\/\/www.sudoestehoje.com.br\/novoportal\/2011\/11\/29\/regiao-nordeste-tem-a-menor-taxa-de-hiv-do-pais\/","title":{"rendered":"REGI\u00c3O NORDESTE TEM A MENOR TAXA DE HIV DO PA\u00cdS"},"content":{"rendered":"<p style=\"text-align: center;\"><img decoding=\"async\" src=\"http:\/\/www.bahianoticias.com.br\/fotos\/principal_noticias\/106805\/IMAGEM_NOTICIA_3.jpg\" alt=\"Regi\u00e3o Nordeste tem a menor taxa de HIV do pa\u00eds\" \/><\/p>\n<p style=\"text-align: center;\"><em><strong>Com 7,5 para cada 100 mil habitantes, Bahia aparece em 20\u00ba lugar<\/strong><\/em><\/p>\n<p>Um estudo divulgado pelo Minist\u00e9rio da Sa\u00fade, nesta segunda-feira (28), apontou a regi\u00e3o Nordeste como a de menor incid\u00eancia do v\u00edrus HIV em todo o pa\u00eds para o ano de 2010. Com 12,6 casos para cada 100 mil habitantes, a regi\u00e3o esteve abaixo do Centro-Oeste, com 15,7 casos; do Sudeste, com 17.6 casos; do Norte, com 20,6; e, por \u00faltimo, o Sul, que registrou o pior \u00edndice (28,8 casos). L\u00e1 tamb\u00e9m se situa 14 dos 15 mun\u00edpios com mais infectados do Brasil. Para o ministro da Sa\u00fade, Alexandre Padilha, a incid\u00eancia nos tr\u00eas estados do sul do pa\u00eds pode estar relacionada a dados hist\u00f3ricos de at\u00e9 dez anos atr\u00e1s. \u201cEssas pessoas diagnosticadas hoje podem ter sido infectadas h\u00e1 oito, dez anos. Eles podem ter se infectado pelo compartilhamento de agulhas, por exemplo, j\u00e1 que o Sul do pa\u00eds era campe\u00e3o no uso de drogas injet\u00e1veis&#8221;, sugeriu. Desde que o primeiro brasileiro foi infectado, em 1980, o n\u00famero de pessoas que contrairam o v\u00edrus no pa\u00eds se concentra ainda na regi\u00e3o Sudeste, com 56,4% dos casos de um total de 608,2 mil acumulado nos \u00faltimos 21 anos. O Nordeste vem em terceiro lugar, com 78,7 mil registros, ou 12,9%. No geral, o ano de 2010 registrou 34,2 mil novos casos de Aids, uma leve melhora em rela\u00e7\u00e3o ao n\u00famero de 2009: 35,9 mil.<\/p>\n","protected":false},"excerpt":{"rendered":"<p>Com 7,5 para cada 100 mil habitantes, Bahia aparece em 20\u00ba lugar Um estudo divulgado pelo Minist\u00e9rio da Sa\u00fade, nesta segunda-feira (28), apontou a regi\u00e3o Nordeste como a de menor incid\u00eancia do v\u00edrus HIV em todo o pa\u00eds para o ano de 2010. Com 12,6 casos para cada 100 mil habitantes, a regi\u00e3o esteve abaixo [&hellip;]<\/p>\n","protected":false},"author":2,"featured_media":0,"comment_status":"open","ping_status":"open","sticky":false,"template":"","format":"standard","meta":{"footnotes":"","_links_to":"","_links_to_target":""},"categories":[1],"tags":[],"class_list":["post-10796","post","type-post","status-publish","format-standard","hentry","category-geral"],"views":1226,"_links":{"self":[{"href":"https:\/\/www.sudoestehoje.com.br\/novoportal\/wp-json\/wp\/v2\/posts\/10796","targetHints":{"allow":["GET"]}}],"collection":[{"href":"https:\/\/www.sudoestehoje.com.br\/novoportal\/wp-json\/wp\/v2\/posts"}],"about":[{"href":"https:\/\/www.sudoestehoje.com.br\/novoportal\/wp-json\/wp\/v2\/types\/post"}],"author":[{"embeddable":true,"href":"https:\/\/www.sudoestehoje.com.br\/novoportal\/wp-json\/wp\/v2\/users\/2"}],"replies":[{"embeddable":true,"href":"https:\/\/www.sudoestehoje.com.br\/novoportal\/wp-json\/wp\/v2\/comments?post=10796"}],"version-history":[{"count":1,"href":"https:\/\/www.sudoestehoje.com.br\/novoportal\/wp-json\/wp\/v2\/posts\/10796\/revisions"}],"predecessor-version":[{"id":10797,"href":"https:\/\/www.sudoestehoje.com.br\/novoportal\/wp-json\/wp\/v2\/posts\/10796\/revisions\/10797"}],"wp:attachment":[{"href":"https:\/\/www.sudoestehoje.com.br\/novoportal\/wp-json\/wp\/v2\/media?parent=10796"}],"wp:term":[{"taxonomy":"category","embeddable":true,"href":"https:\/\/www.sudoestehoje.com.br\/novoportal\/wp-json\/wp\/v2\/categories?post=10796"},{"taxonomy":"post_tag","embeddable":true,"href":"https:\/\/www.sudoestehoje.com.br\/novoportal\/wp-json\/wp\/v2\/tags?post=10796"}],"curies":[{"name":"wp","href":"https:\/\/api.w.org\/{rel}","templated":true}]}}