
{"id":107941,"date":"2023-02-18T23:30:23","date_gmt":"2023-02-19T02:30:23","guid":{"rendered":"https:\/\/www.sudoestehoje.com.br\/novoportal\/?p=107941"},"modified":"2023-02-18T23:30:23","modified_gmt":"2023-02-19T02:30:23","slug":"para-chegar-as-praias-do-sul-da-bahia-mineiros-sofrem-com-buraqueira-nas-estradas","status":"publish","type":"post","link":"https:\/\/www.sudoestehoje.com.br\/novoportal\/2023\/02\/18\/para-chegar-as-praias-do-sul-da-bahia-mineiros-sofrem-com-buraqueira-nas-estradas\/","title":{"rendered":"PARA CHEGAR \u00c0S PRAIAS DO SUL DA BAHIA, MINEIROS SOFREM COM BURAQUEIRA NAS ESTRADAS"},"content":{"rendered":"<p><a href=\"https:\/\/www.sudoestehoje.com.br\/novoportal\/wp-content\/uploads\/2023\/02\/burocados-no-asfalto-de-uma-rodovia_1_221659.webp\"><img loading=\"lazy\" decoding=\"async\" class=\"aligncenter size-medium wp-image-107944\" src=\"https:\/\/www.sudoestehoje.com.br\/novoportal\/wp-content\/uploads\/2023\/02\/burocados-no-asfalto-de-uma-rodovia_1_221659-500x300.webp\" alt=\"\" width=\"500\" height=\"300\" srcset=\"https:\/\/www.sudoestehoje.com.br\/novoportal\/wp-content\/uploads\/2023\/02\/burocados-no-asfalto-de-uma-rodovia_1_221659-500x300.webp 500w, https:\/\/www.sudoestehoje.com.br\/novoportal\/wp-content\/uploads\/2023\/02\/burocados-no-asfalto-de-uma-rodovia_1_221659-700x420.webp 700w, https:\/\/www.sudoestehoje.com.br\/novoportal\/wp-content\/uploads\/2023\/02\/burocados-no-asfalto-de-uma-rodovia_1_221659-768x461.webp 768w, https:\/\/www.sudoestehoje.com.br\/novoportal\/wp-content\/uploads\/2023\/02\/burocados-no-asfalto-de-uma-rodovia_1_221659.webp 820w\" sizes=\"auto, (max-width: 500px) 100vw, 500px\" \/><\/a><\/p>\n<p><strong>Os mineiros que est\u00e3o indo para as praias de Porto Seguro durante o feriad\u00e3o de Carnaval, precisam ter aten\u00e7\u00e3o redobrada ao transitar pelas BR-367 e BR-116, n\u00e3o apenas por causa do tr\u00e2nsito, mas tamb\u00e9m pelas condi\u00e7\u00f5es das pistas dessas rodovias. Passar pelo trecho mineiro entre Almenara e Salto da Divisa n\u00e3o d\u00e1. \u00c9 o que comentam os motoristas nos grupos formados nas redes sociais.\u00a0<\/strong><\/p>\n<p><strong>A dica \u00e9 fazer o trajeto Minas-Bahia por meio da BR-116, chegando em Vit\u00f3ria da Conquista (BA), e seguindo pela Serra do Mar\u00e7al, em trecho que tem aproximadamente 7 quil\u00f4metros de extens\u00e3o, passando por Itamb\u00e9, Itapetinga e Potiragu\u00e1, at\u00e9 a BR-101.<\/strong><\/p>\n<p><strong>O trajeto \u00e9 relativamente tranquilo at\u00e9 o entroncamento de Potiragu\u00e1, na BA-263. Da\u00ed em diante, at\u00e9 chegar na BR-101, via Cor\u00e9ia, \u00e9 uma verdadeira <em>&#8216;via crucis&#8217;<\/em>.<\/strong><\/p>\n<p><strong>Haja buracos&#8230;<\/strong><\/p>\n<p><strong><em>Por Davi Ferraz<\/em><\/strong><\/p>\n","protected":false},"excerpt":{"rendered":"<p>Os mineiros que est\u00e3o indo para as praias de Porto Seguro durante o feriad\u00e3o de Carnaval, precisam ter aten\u00e7\u00e3o redobrada ao transitar pelas BR-367 e BR-116, n\u00e3o apenas por causa do tr\u00e2nsito, mas tamb\u00e9m pelas condi\u00e7\u00f5es das pistas dessas rodovias. Passar pelo trecho mineiro entre Almenara e Salto da Divisa n\u00e3o d\u00e1. \u00c9 o que [&hellip;]<\/p>\n","protected":false},"author":2,"featured_media":107944,"comment_status":"open","ping_status":"open","sticky":false,"template":"","format":"standard","meta":{"footnotes":"","_links_to":"","_links_to_target":""},"categories":[1],"tags":[],"class_list":["post-107941","post","type-post","status-publish","format-standard","has-post-thumbnail","hentry","category-geral"],"views":749,"_links":{"self":[{"href":"https:\/\/www.sudoestehoje.com.br\/novoportal\/wp-json\/wp\/v2\/posts\/107941","targetHints":{"allow":["GET"]}}],"collection":[{"href":"https:\/\/www.sudoestehoje.com.br\/novoportal\/wp-json\/wp\/v2\/posts"}],"about":[{"href":"https:\/\/www.sudoestehoje.com.br\/novoportal\/wp-json\/wp\/v2\/types\/post"}],"author":[{"embeddable":true,"href":"https:\/\/www.sudoestehoje.com.br\/novoportal\/wp-json\/wp\/v2\/users\/2"}],"replies":[{"embeddable":true,"href":"https:\/\/www.sudoestehoje.com.br\/novoportal\/wp-json\/wp\/v2\/comments?post=107941"}],"version-history":[{"count":4,"href":"https:\/\/www.sudoestehoje.com.br\/novoportal\/wp-json\/wp\/v2\/posts\/107941\/revisions"}],"predecessor-version":[{"id":107946,"href":"https:\/\/www.sudoestehoje.com.br\/novoportal\/wp-json\/wp\/v2\/posts\/107941\/revisions\/107946"}],"wp:featuredmedia":[{"embeddable":true,"href":"https:\/\/www.sudoestehoje.com.br\/novoportal\/wp-json\/wp\/v2\/media\/107944"}],"wp:attachment":[{"href":"https:\/\/www.sudoestehoje.com.br\/novoportal\/wp-json\/wp\/v2\/media?parent=107941"}],"wp:term":[{"taxonomy":"category","embeddable":true,"href":"https:\/\/www.sudoestehoje.com.br\/novoportal\/wp-json\/wp\/v2\/categories?post=107941"},{"taxonomy":"post_tag","embeddable":true,"href":"https:\/\/www.sudoestehoje.com.br\/novoportal\/wp-json\/wp\/v2\/tags?post=107941"}],"curies":[{"name":"wp","href":"https:\/\/api.w.org\/{rel}","templated":true}]}}