
{"id":107938,"date":"2023-02-18T23:00:53","date_gmt":"2023-02-19T02:00:53","guid":{"rendered":"https:\/\/www.sudoestehoje.com.br\/novoportal\/?p=107938"},"modified":"2023-02-18T23:01:22","modified_gmt":"2023-02-19T02:01:22","slug":"bancos-nao-funcionam-durante-carnaval","status":"publish","type":"post","link":"https:\/\/www.sudoestehoje.com.br\/novoportal\/2023\/02\/18\/bancos-nao-funcionam-durante-carnaval\/","title":{"rendered":"BANCOS N\u00c3O FUNCIONAM DURANTE CARNAVAL"},"content":{"rendered":"<p><a href=\"https:\/\/www.sudoestehoje.com.br\/novoportal\/wp-content\/uploads\/2023\/02\/WhatsApp-Image-2021-09-09-at-11.39.37.jpeg\"><img loading=\"lazy\" decoding=\"async\" class=\"aligncenter size-medium wp-image-107939\" src=\"https:\/\/www.sudoestehoje.com.br\/novoportal\/wp-content\/uploads\/2023\/02\/WhatsApp-Image-2021-09-09-at-11.39.37-500x282.jpeg\" alt=\"\" width=\"500\" height=\"282\" srcset=\"https:\/\/www.sudoestehoje.com.br\/novoportal\/wp-content\/uploads\/2023\/02\/WhatsApp-Image-2021-09-09-at-11.39.37-500x282.jpeg 500w, https:\/\/www.sudoestehoje.com.br\/novoportal\/wp-content\/uploads\/2023\/02\/WhatsApp-Image-2021-09-09-at-11.39.37-700x394.jpeg 700w, https:\/\/www.sudoestehoje.com.br\/novoportal\/wp-content\/uploads\/2023\/02\/WhatsApp-Image-2021-09-09-at-11.39.37-768x432.jpeg 768w, https:\/\/www.sudoestehoje.com.br\/novoportal\/wp-content\/uploads\/2023\/02\/WhatsApp-Image-2021-09-09-at-11.39.37-1536x865.jpeg 1536w, https:\/\/www.sudoestehoje.com.br\/novoportal\/wp-content\/uploads\/2023\/02\/WhatsApp-Image-2021-09-09-at-11.39.37.jpeg 1600w\" sizes=\"auto, (max-width: 500px) 100vw, 500px\" \/><\/a><\/p>\n<p><strong>Os bancos n\u00e3o v\u00e3o ter expediente durante o feriado de Carnaval, informou a Federa\u00e7\u00e3o Brasileira de Bancos (Febraban).\u00a0 As ag\u00eancias banc\u00e1rias fecham na segunda-feira (20) e na ter\u00e7a-feira (21) de Carnaval. J\u00e1 na Quarta-Feira de Cinzas (22), o atendimento ao p\u00fablico come\u00e7a \u00e0s 12h (hor\u00e1rio local), e o encerramento segue o hor\u00e1rio habitual de fechamento, no munic\u00edpio.<\/strong><\/p>\n<p><strong> Contas de consumo \u2013 como de \u00e1gua, energia e telefone \u2013, e os boletos com vencimento em 20 e 21 de fevereiro poder\u00e3o ser pagos, sem acr\u00e9scimo de juros e multa, no dia \u00fatil seguinte, que ser\u00e1 a Quarta-Feira de Cinzas. <\/strong><\/p>\n<p><strong>J\u00e1 os tributos, normalmente j\u00e1 tem as datas ajustadas ao calend\u00e1rio de feriados nacionais, estaduais e municipais.<\/strong><\/p>\n<p><strong> As opera\u00e7\u00f5es do sistema de pagamento Pix estar\u00e3o em pleno funcionamento, no per\u00edodo. <\/strong><\/p>\n<p><strong>A Febraban orienta os clientes a usarem, preferencialmente, os canais digitais, como sites e aplicativo dos bancos, para fazer transfer\u00eancias e pagamentos de contas nos dias de folia, quando n\u00e3o haver\u00e1 expediente banc\u00e1rio nas ag\u00eancias.<\/strong><\/p>\n","protected":false},"excerpt":{"rendered":"<p>Os bancos n\u00e3o v\u00e3o ter expediente durante o feriado de Carnaval, informou a Federa\u00e7\u00e3o Brasileira de Bancos (Febraban).\u00a0 As ag\u00eancias banc\u00e1rias fecham na segunda-feira (20) e na ter\u00e7a-feira (21) de Carnaval. J\u00e1 na Quarta-Feira de Cinzas (22), o atendimento ao p\u00fablico come\u00e7a \u00e0s 12h (hor\u00e1rio local), e o encerramento segue o hor\u00e1rio habitual de fechamento, [&hellip;]<\/p>\n","protected":false},"author":2,"featured_media":107939,"comment_status":"open","ping_status":"open","sticky":false,"template":"","format":"standard","meta":{"footnotes":"","_links_to":"","_links_to_target":""},"categories":[1],"tags":[],"class_list":["post-107938","post","type-post","status-publish","format-standard","has-post-thumbnail","hentry","category-geral"],"views":675,"_links":{"self":[{"href":"https:\/\/www.sudoestehoje.com.br\/novoportal\/wp-json\/wp\/v2\/posts\/107938","targetHints":{"allow":["GET"]}}],"collection":[{"href":"https:\/\/www.sudoestehoje.com.br\/novoportal\/wp-json\/wp\/v2\/posts"}],"about":[{"href":"https:\/\/www.sudoestehoje.com.br\/novoportal\/wp-json\/wp\/v2\/types\/post"}],"author":[{"embeddable":true,"href":"https:\/\/www.sudoestehoje.com.br\/novoportal\/wp-json\/wp\/v2\/users\/2"}],"replies":[{"embeddable":true,"href":"https:\/\/www.sudoestehoje.com.br\/novoportal\/wp-json\/wp\/v2\/comments?post=107938"}],"version-history":[{"count":1,"href":"https:\/\/www.sudoestehoje.com.br\/novoportal\/wp-json\/wp\/v2\/posts\/107938\/revisions"}],"predecessor-version":[{"id":107940,"href":"https:\/\/www.sudoestehoje.com.br\/novoportal\/wp-json\/wp\/v2\/posts\/107938\/revisions\/107940"}],"wp:featuredmedia":[{"embeddable":true,"href":"https:\/\/www.sudoestehoje.com.br\/novoportal\/wp-json\/wp\/v2\/media\/107939"}],"wp:attachment":[{"href":"https:\/\/www.sudoestehoje.com.br\/novoportal\/wp-json\/wp\/v2\/media?parent=107938"}],"wp:term":[{"taxonomy":"category","embeddable":true,"href":"https:\/\/www.sudoestehoje.com.br\/novoportal\/wp-json\/wp\/v2\/categories?post=107938"},{"taxonomy":"post_tag","embeddable":true,"href":"https:\/\/www.sudoestehoje.com.br\/novoportal\/wp-json\/wp\/v2\/tags?post=107938"}],"curies":[{"name":"wp","href":"https:\/\/api.w.org\/{rel}","templated":true}]}}