
{"id":107928,"date":"2023-02-18T01:35:54","date_gmt":"2023-02-18T04:35:54","guid":{"rendered":"https:\/\/www.sudoestehoje.com.br\/novoportal\/?p=107928"},"modified":"2023-02-18T01:35:54","modified_gmt":"2023-02-18T04:35:54","slug":"luto-medica-anestesiologista-de-itororo-morre-em-vitoria-da-conquista","status":"publish","type":"post","link":"https:\/\/www.sudoestehoje.com.br\/novoportal\/2023\/02\/18\/luto-medica-anestesiologista-de-itororo-morre-em-vitoria-da-conquista\/","title":{"rendered":"LUTO | M\u00c9DICA ANESTESIOLOGISTA DE ITOROR\u00d3 MORRE EM VIT\u00d3RIA DA CONQUISTA"},"content":{"rendered":"<p><a href=\"https:\/\/www.sudoestehoje.com.br\/novoportal\/wp-content\/uploads\/2023\/02\/WhatsApp-Image-2023-02-18-at-01.20.31.jpeg\"><img loading=\"lazy\" decoding=\"async\" class=\"aligncenter size-medium wp-image-107930\" src=\"https:\/\/www.sudoestehoje.com.br\/novoportal\/wp-content\/uploads\/2023\/02\/WhatsApp-Image-2023-02-18-at-01.20.31-500x300.jpeg\" alt=\"\" width=\"500\" height=\"300\" srcset=\"https:\/\/www.sudoestehoje.com.br\/novoportal\/wp-content\/uploads\/2023\/02\/WhatsApp-Image-2023-02-18-at-01.20.31-500x300.jpeg 500w, https:\/\/www.sudoestehoje.com.br\/novoportal\/wp-content\/uploads\/2023\/02\/WhatsApp-Image-2023-02-18-at-01.20.31.jpeg 650w\" sizes=\"auto, (max-width: 500px) 100vw, 500px\" \/><\/a><\/p>\n<p><strong>Faleceu na cidade de Vit\u00f3ria da Conquista , aos 78 anos, a Dra. Maria L\u00facia Min\u00e1 Valadares de Almeida. E<\/strong><strong>ncontrada nas primeiras horas da manh\u00e3 pelos familiares, a Dra. L\u00facia j\u00e1 sofria de problemas de cora\u00e7\u00e3o.<\/strong><\/p>\n<p><strong>Trabalhando por quase 40 anos como anestesista, pediatra e cl\u00ednica geral no Hospital de Itoror\u00f3, Dra L\u00facia teve uma contribui\u00e7\u00e3o importante na condu\u00e7\u00e3o da sa\u00fade do munic\u00edpio , local onde deixa muitos amigos.<\/strong><\/p>\n<p><strong>Deixa o esposo Ciro , 3 filhos e 5 netos.\u00a0O enterro ser\u00e1 em Itoror\u00f3 -Ba, ainda sem hor\u00e1rio definido.<\/strong><\/p>\n<p><strong>Disse-lhe Jesus: Eu sou a ressurrei\u00e7\u00e3o e a vida; quem cr\u00ea em mim, ainda que esteja morto, viver\u00e1; e todo aquele que vive e cr\u00ea em mim nunca morrer\u00e1. \/\/\u00a0Informa\u00e7\u00f5es do Blog Itoror\u00f3 J\u00e1<\/strong><\/p>\n","protected":false},"excerpt":{"rendered":"<p>Faleceu na cidade de Vit\u00f3ria da Conquista , aos 78 anos, a Dra. Maria L\u00facia Min\u00e1 Valadares de Almeida. Encontrada nas primeiras horas da manh\u00e3 pelos familiares, a Dra. L\u00facia j\u00e1 sofria de problemas de cora\u00e7\u00e3o. Trabalhando por quase 40 anos como anestesista, pediatra e cl\u00ednica geral no Hospital de Itoror\u00f3, Dra L\u00facia teve uma [&hellip;]<\/p>\n","protected":false},"author":2,"featured_media":107930,"comment_status":"open","ping_status":"open","sticky":false,"template":"","format":"standard","meta":{"footnotes":"","_links_to":"","_links_to_target":""},"categories":[1],"tags":[],"class_list":["post-107928","post","type-post","status-publish","format-standard","has-post-thumbnail","hentry","category-geral"],"views":964,"_links":{"self":[{"href":"https:\/\/www.sudoestehoje.com.br\/novoportal\/wp-json\/wp\/v2\/posts\/107928","targetHints":{"allow":["GET"]}}],"collection":[{"href":"https:\/\/www.sudoestehoje.com.br\/novoportal\/wp-json\/wp\/v2\/posts"}],"about":[{"href":"https:\/\/www.sudoestehoje.com.br\/novoportal\/wp-json\/wp\/v2\/types\/post"}],"author":[{"embeddable":true,"href":"https:\/\/www.sudoestehoje.com.br\/novoportal\/wp-json\/wp\/v2\/users\/2"}],"replies":[{"embeddable":true,"href":"https:\/\/www.sudoestehoje.com.br\/novoportal\/wp-json\/wp\/v2\/comments?post=107928"}],"version-history":[{"count":2,"href":"https:\/\/www.sudoestehoje.com.br\/novoportal\/wp-json\/wp\/v2\/posts\/107928\/revisions"}],"predecessor-version":[{"id":107931,"href":"https:\/\/www.sudoestehoje.com.br\/novoportal\/wp-json\/wp\/v2\/posts\/107928\/revisions\/107931"}],"wp:featuredmedia":[{"embeddable":true,"href":"https:\/\/www.sudoestehoje.com.br\/novoportal\/wp-json\/wp\/v2\/media\/107930"}],"wp:attachment":[{"href":"https:\/\/www.sudoestehoje.com.br\/novoportal\/wp-json\/wp\/v2\/media?parent=107928"}],"wp:term":[{"taxonomy":"category","embeddable":true,"href":"https:\/\/www.sudoestehoje.com.br\/novoportal\/wp-json\/wp\/v2\/categories?post=107928"},{"taxonomy":"post_tag","embeddable":true,"href":"https:\/\/www.sudoestehoje.com.br\/novoportal\/wp-json\/wp\/v2\/tags?post=107928"}],"curies":[{"name":"wp","href":"https:\/\/api.w.org\/{rel}","templated":true}]}}