
{"id":107919,"date":"2023-02-18T00:29:00","date_gmt":"2023-02-18T03:29:00","guid":{"rendered":"https:\/\/www.sudoestehoje.com.br\/novoportal\/?p=107919"},"modified":"2023-02-18T00:39:19","modified_gmt":"2023-02-18T03:39:19","slug":"barroso-e-alvo-de-pedido-de-impeachment-por-amizade-com-advogado-de-lula","status":"publish","type":"post","link":"https:\/\/www.sudoestehoje.com.br\/novoportal\/2023\/02\/18\/barroso-e-alvo-de-pedido-de-impeachment-por-amizade-com-advogado-de-lula\/","title":{"rendered":"BARROSO \u00c9 ALVO DE PEDIDO DE IMPEACHMENT POR AMIZADE COM ADVOGADO DE LULA"},"content":{"rendered":"<p><a href=\"https:\/\/www.sudoestehoje.com.br\/novoportal\/wp-content\/uploads\/2023\/02\/Barroso-e1676672406405-1000x530-1.jpg\"><img loading=\"lazy\" decoding=\"async\" class=\"size-medium wp-image-107921\" src=\"https:\/\/www.sudoestehoje.com.br\/novoportal\/wp-content\/uploads\/2023\/02\/Barroso-e1676672406405-1000x530-1-500x265.jpg\" alt=\"\" width=\"500\" height=\"265\" srcset=\"https:\/\/www.sudoestehoje.com.br\/novoportal\/wp-content\/uploads\/2023\/02\/Barroso-e1676672406405-1000x530-1-500x265.jpg 500w, https:\/\/www.sudoestehoje.com.br\/novoportal\/wp-content\/uploads\/2023\/02\/Barroso-e1676672406405-1000x530-1-700x371.jpg 700w, https:\/\/www.sudoestehoje.com.br\/novoportal\/wp-content\/uploads\/2023\/02\/Barroso-e1676672406405-1000x530-1-768x407.jpg 768w, https:\/\/www.sudoestehoje.com.br\/novoportal\/wp-content\/uploads\/2023\/02\/Barroso-e1676672406405-1000x530-1.jpg 1000w\" sizes=\"auto, (max-width: 500px) 100vw, 500px\" \/><\/a><\/p>\n<p>O jornalista Igor Gadelha, colunista do Portal Metr\u00f3poles, informa que senadores protocolaram uma peti\u00e7\u00e3o nesta sexta-feira (17) pedindo o impeachment do ministro do Supremo Tribunal Federal (STF) Lu\u00eds Roberto Barroso.<\/p>\n<p>O pedido \u00e9 assinada por um grupo que re\u00fane os senadores Eduardo Gir\u00e3o (Novo-CE), Styvenson Valentim (Podemos-RN), Carlos Heinze (PP-RS), Pl\u00ednio Val\u00e9rio (PSDB-AM) e Carlos Viana (Podemos-MG). O ex-senador Lasier Martins (Podemos-RS) tamb\u00e9m assina o documento.<\/p>\n<p>Na peti\u00e7\u00e3o, eles defendem o impeachment citando como um dos motivos o fato de Barroso ter proximidade com o advogado Cristiano Zanin, que defende Lula em algumas a\u00e7\u00f5es, e n\u00e3o ter se declarado suspeito no julgamento do STF que retirou os casos da Lava Jato envolvendo o presidente da Vara Federal de Curitiba.<\/p>\n<p>\u201cUma vez havendo esses destaques f\u00e1ticos, Lu\u00eds Roberto Barroso deveria ter se julgado suspeito, n\u00e3o contrariando o estabelecido no C\u00f3digo de Ritos e, de outra sorte, se eximindo de qualquer suspeita das partes\u201d, dizem os senadores no pedido.<\/p>\n<p>O grupo de senadores alega que Barroso deveria ser impichado por n\u00e3o se declarar suspeito em outros casos. Dentre elas, ao julgar como magistrado temas relacionados ao aborto e \u00e0 descriminaliza\u00e7\u00e3o de drogas.<\/p>\n","protected":false},"excerpt":{"rendered":"<p>O jornalista Igor Gadelha, colunista do Portal Metr\u00f3poles, informa que senadores protocolaram uma peti\u00e7\u00e3o nesta sexta-feira (17) pedindo o impeachment do ministro do Supremo Tribunal Federal (STF) Lu\u00eds Roberto Barroso. O pedido \u00e9 assinada por um grupo que re\u00fane os senadores Eduardo Gir\u00e3o (Novo-CE), Styvenson Valentim (Podemos-RN), Carlos Heinze (PP-RS), Pl\u00ednio Val\u00e9rio (PSDB-AM) e Carlos [&hellip;]<\/p>\n","protected":false},"author":2,"featured_media":107921,"comment_status":"open","ping_status":"open","sticky":false,"template":"","format":"standard","meta":{"footnotes":"","_links_to":"","_links_to_target":""},"categories":[1],"tags":[],"class_list":["post-107919","post","type-post","status-publish","format-standard","has-post-thumbnail","hentry","category-geral"],"views":1204,"_links":{"self":[{"href":"https:\/\/www.sudoestehoje.com.br\/novoportal\/wp-json\/wp\/v2\/posts\/107919","targetHints":{"allow":["GET"]}}],"collection":[{"href":"https:\/\/www.sudoestehoje.com.br\/novoportal\/wp-json\/wp\/v2\/posts"}],"about":[{"href":"https:\/\/www.sudoestehoje.com.br\/novoportal\/wp-json\/wp\/v2\/types\/post"}],"author":[{"embeddable":true,"href":"https:\/\/www.sudoestehoje.com.br\/novoportal\/wp-json\/wp\/v2\/users\/2"}],"replies":[{"embeddable":true,"href":"https:\/\/www.sudoestehoje.com.br\/novoportal\/wp-json\/wp\/v2\/comments?post=107919"}],"version-history":[{"count":3,"href":"https:\/\/www.sudoestehoje.com.br\/novoportal\/wp-json\/wp\/v2\/posts\/107919\/revisions"}],"predecessor-version":[{"id":107923,"href":"https:\/\/www.sudoestehoje.com.br\/novoportal\/wp-json\/wp\/v2\/posts\/107919\/revisions\/107923"}],"wp:featuredmedia":[{"embeddable":true,"href":"https:\/\/www.sudoestehoje.com.br\/novoportal\/wp-json\/wp\/v2\/media\/107921"}],"wp:attachment":[{"href":"https:\/\/www.sudoestehoje.com.br\/novoportal\/wp-json\/wp\/v2\/media?parent=107919"}],"wp:term":[{"taxonomy":"category","embeddable":true,"href":"https:\/\/www.sudoestehoje.com.br\/novoportal\/wp-json\/wp\/v2\/categories?post=107919"},{"taxonomy":"post_tag","embeddable":true,"href":"https:\/\/www.sudoestehoje.com.br\/novoportal\/wp-json\/wp\/v2\/tags?post=107919"}],"curies":[{"name":"wp","href":"https:\/\/api.w.org\/{rel}","templated":true}]}}