
{"id":107916,"date":"2023-02-18T00:17:48","date_gmt":"2023-02-18T03:17:48","guid":{"rendered":"https:\/\/www.sudoestehoje.com.br\/novoportal\/?p=107916"},"modified":"2023-02-18T00:17:48","modified_gmt":"2023-02-18T03:17:48","slug":"comercio-nao-funcionara-durante-o-carnaval-em-itapetinga-e-itororo","status":"publish","type":"post","link":"https:\/\/www.sudoestehoje.com.br\/novoportal\/2023\/02\/18\/comercio-nao-funcionara-durante-o-carnaval-em-itapetinga-e-itororo\/","title":{"rendered":"COM\u00c9RCIO N\u00c3O FUNCIONAR\u00c1 DURANTE O CARNAVAL EM ITAPETINGA E ITOROR\u00d3"},"content":{"rendered":"<p><a href=\"https:\/\/www.sudoestehoje.com.br\/novoportal\/wp-content\/uploads\/2023\/02\/bbd592b2-7250-4fc5-80b6-9f2c7cec785f.jpg\"><img loading=\"lazy\" decoding=\"async\" class=\"aligncenter size-medium wp-image-107917\" src=\"https:\/\/www.sudoestehoje.com.br\/novoportal\/wp-content\/uploads\/2023\/02\/bbd592b2-7250-4fc5-80b6-9f2c7cec785f-500x625.jpg\" alt=\"\" width=\"500\" height=\"625\" srcset=\"https:\/\/www.sudoestehoje.com.br\/novoportal\/wp-content\/uploads\/2023\/02\/bbd592b2-7250-4fc5-80b6-9f2c7cec785f-500x625.jpg 500w, https:\/\/www.sudoestehoje.com.br\/novoportal\/wp-content\/uploads\/2023\/02\/bbd592b2-7250-4fc5-80b6-9f2c7cec785f-700x875.jpg 700w, https:\/\/www.sudoestehoje.com.br\/novoportal\/wp-content\/uploads\/2023\/02\/bbd592b2-7250-4fc5-80b6-9f2c7cec785f-768x960.jpg 768w, https:\/\/www.sudoestehoje.com.br\/novoportal\/wp-content\/uploads\/2023\/02\/bbd592b2-7250-4fc5-80b6-9f2c7cec785f-1229x1536.jpg 1229w, https:\/\/www.sudoestehoje.com.br\/novoportal\/wp-content\/uploads\/2023\/02\/bbd592b2-7250-4fc5-80b6-9f2c7cec785f.jpg 1280w\" sizes=\"auto, (max-width: 500px) 100vw, 500px\" \/><\/a><\/p>\n<p><strong>A C\u00e2mara de Dirigentes Lojistas de Itapetinga e o Sindicato dos Empregados do Com\u00e9rcio de Itapetinga e Itoror\u00f3, seguindo o disposto na Conven\u00e7\u00e3o Trabalhista, firmaram acordo para troca\/substitui\u00e7\u00e3o dos feriados do Dia do Comerci\u00e1rio (16\/10\/23), e do dia da Cidade (12\/12\/2023) pela segunda e ter\u00e7a feira de Carnaval de 2023 (20 e 21\/02\/23).<\/strong><\/p>\n<p><strong>assim, os com\u00e9rcios de Itapetinga e de Itoror\u00f3 n\u00e3o funcionar\u00e3o nas pr\u00f3ximas segunda e ter\u00e7a-feira, retornando na quarta-feira (22). <em>\/\/Ascom CDL<\/em><\/strong><\/p>\n","protected":false},"excerpt":{"rendered":"<p>A C\u00e2mara de Dirigentes Lojistas de Itapetinga e o Sindicato dos Empregados do Com\u00e9rcio de Itapetinga e Itoror\u00f3, seguindo o disposto na Conven\u00e7\u00e3o Trabalhista, firmaram acordo para troca\/substitui\u00e7\u00e3o dos feriados do Dia do Comerci\u00e1rio (16\/10\/23), e do dia da Cidade (12\/12\/2023) pela segunda e ter\u00e7a feira de Carnaval de 2023 (20 e 21\/02\/23). assim, os [&hellip;]<\/p>\n","protected":false},"author":2,"featured_media":107917,"comment_status":"open","ping_status":"open","sticky":false,"template":"","format":"standard","meta":{"footnotes":"","_links_to":"","_links_to_target":""},"categories":[1],"tags":[],"class_list":["post-107916","post","type-post","status-publish","format-standard","has-post-thumbnail","hentry","category-geral"],"views":605,"_links":{"self":[{"href":"https:\/\/www.sudoestehoje.com.br\/novoportal\/wp-json\/wp\/v2\/posts\/107916","targetHints":{"allow":["GET"]}}],"collection":[{"href":"https:\/\/www.sudoestehoje.com.br\/novoportal\/wp-json\/wp\/v2\/posts"}],"about":[{"href":"https:\/\/www.sudoestehoje.com.br\/novoportal\/wp-json\/wp\/v2\/types\/post"}],"author":[{"embeddable":true,"href":"https:\/\/www.sudoestehoje.com.br\/novoportal\/wp-json\/wp\/v2\/users\/2"}],"replies":[{"embeddable":true,"href":"https:\/\/www.sudoestehoje.com.br\/novoportal\/wp-json\/wp\/v2\/comments?post=107916"}],"version-history":[{"count":1,"href":"https:\/\/www.sudoestehoje.com.br\/novoportal\/wp-json\/wp\/v2\/posts\/107916\/revisions"}],"predecessor-version":[{"id":107918,"href":"https:\/\/www.sudoestehoje.com.br\/novoportal\/wp-json\/wp\/v2\/posts\/107916\/revisions\/107918"}],"wp:featuredmedia":[{"embeddable":true,"href":"https:\/\/www.sudoestehoje.com.br\/novoportal\/wp-json\/wp\/v2\/media\/107917"}],"wp:attachment":[{"href":"https:\/\/www.sudoestehoje.com.br\/novoportal\/wp-json\/wp\/v2\/media?parent=107916"}],"wp:term":[{"taxonomy":"category","embeddable":true,"href":"https:\/\/www.sudoestehoje.com.br\/novoportal\/wp-json\/wp\/v2\/categories?post=107916"},{"taxonomy":"post_tag","embeddable":true,"href":"https:\/\/www.sudoestehoje.com.br\/novoportal\/wp-json\/wp\/v2\/tags?post=107916"}],"curies":[{"name":"wp","href":"https:\/\/api.w.org\/{rel}","templated":true}]}}