
{"id":107903,"date":"2023-02-16T23:18:34","date_gmt":"2023-02-17T02:18:34","guid":{"rendered":"https:\/\/www.sudoestehoje.com.br\/novoportal\/?p=107903"},"modified":"2023-02-16T23:31:00","modified_gmt":"2023-02-17T02:31:00","slug":"psd-de-itapetinga-se-reune-para-avaliar-participacao-nas-proximas-eleicoes","status":"publish","type":"post","link":"https:\/\/www.sudoestehoje.com.br\/novoportal\/2023\/02\/16\/psd-de-itapetinga-se-reune-para-avaliar-participacao-nas-proximas-eleicoes\/","title":{"rendered":"PSD DE ITAPETINGA SE RE\u00daNE PARA AVALIAR PARTICIPA\u00c7\u00c3O NAS PR\u00d3XIMAS ELEI\u00c7\u00d5ES"},"content":{"rendered":"<p><a href=\"https:\/\/www.sudoestehoje.com.br\/novoportal\/wp-content\/uploads\/2023\/02\/WhatsApp-Image-2023-02-16-at-12.50.48.jpeg\"><img loading=\"lazy\" decoding=\"async\" class=\"aligncenter size-medium wp-image-107905\" src=\"https:\/\/www.sudoestehoje.com.br\/novoportal\/wp-content\/uploads\/2023\/02\/WhatsApp-Image-2023-02-16-at-12.50.48-500x376.jpeg\" alt=\"\" width=\"500\" height=\"376\" srcset=\"https:\/\/www.sudoestehoje.com.br\/novoportal\/wp-content\/uploads\/2023\/02\/WhatsApp-Image-2023-02-16-at-12.50.48-500x376.jpeg 500w, https:\/\/www.sudoestehoje.com.br\/novoportal\/wp-content\/uploads\/2023\/02\/WhatsApp-Image-2023-02-16-at-12.50.48-700x527.jpeg 700w, https:\/\/www.sudoestehoje.com.br\/novoportal\/wp-content\/uploads\/2023\/02\/WhatsApp-Image-2023-02-16-at-12.50.48-768x578.jpeg 768w, https:\/\/www.sudoestehoje.com.br\/novoportal\/wp-content\/uploads\/2023\/02\/WhatsApp-Image-2023-02-16-at-12.50.48.jpeg 1280w\" sizes=\"auto, (max-width: 500px) 100vw, 500px\" \/><\/a><br \/>\nNa reuni\u00e3o da Comiss\u00e3o do PSD, realizada nesta quarta (15), com a finalidade de avaliar a \u00faltima reuni\u00e3o e tra\u00e7ar metas para as pr\u00f3ximas elei\u00e7\u00f5es, a comiss\u00e3o do PSD no munic\u00edpio de Itapetinga contou com a participa\u00e7\u00e3o de alguns apoiadores engajados com quest\u00f5es jur\u00eddicas e sociais em defesa de pessoas e grupos vulner\u00e1veis, a exemplo da itapetinguense Arlene Dantas Guimar\u00e3es, doutoranda em Direito pela Universidade Federal de Pernambuco e Universidade de Oviedo na Espanha.<\/p>\n<p>Arlene ressaltou a import\u00e2ncia da participa\u00e7\u00e3o das mulheres e dos jovens na pol\u00edtica, dos jovens, na constru\u00e7\u00e3o de pol\u00edticas p\u00fablicas em defesa de mulheres, crian\u00e7as e adolescentes em situa\u00e7\u00e3o de viol\u00eancia dom\u00e9stica de g\u00eanero, bem como a import\u00e2ncia da moralidade na administra\u00e7\u00e3o p\u00fablica e o combate a improbidade administrativa, \u00e1rea que atua profissionalmente na capital do Estado da Bahia.<!--more--><\/p>\n<p>Arlene Dantas fez uma palestra bastante motivadora, sendo elogiada por todos, inclusive pelos advogados presentes, Jo\u00e3o Coelho e Perilo Assis, que tamb\u00e9m se manifestaram em apoio.<\/p>\n<p>A avalia\u00e7\u00e3o da \u00faltima reuni\u00e3o foi considerada como muito positiva, e que merecia dar maior divulga\u00e7\u00e3o para a comunidade ter mais conhecimento do que ocorre no PSD de Itapetinga.<\/p>\n<p>Como meta para as pr\u00f3ximas elei\u00e7\u00f5es, foi sugerido pelo presidente ALFREDO CABRAL DE ASSIS, a elabora\u00e7\u00e3o de um Plano de Governo, ouvindo os membros do partido e principalmente a comunidade com a realiza\u00e7\u00e3o de visitas nos bairros, centro da cidade, Bandeira do Col\u00f4nia e a Palmares. O Plano de Governo ser\u00e1 elaborado com um conte\u00fado com possibilidades de realiza\u00e7\u00f5es.<\/p>\n<p>Foi dito pelo Presidente, que o Planejamento \u00e9 primordial para uma boa gest\u00e3o, e as leis principais do planejamento s\u00e3o:<\/p>\n<p>&#8211; A Lei do PPA &#8211; Plano Plurianual de Aplica\u00e7\u00e3o, que cont\u00e9m o Plano de Governo para quatro anos.<br \/>\n&#8211; A LDO &#8211; Lei de Diretrizes Or\u00e7ament\u00e1ria, que determina as diretrizes or\u00e7ament\u00e1rias, contendo as a\u00e7\u00f5es para cada ano, previstas no PPA.<br \/>\n&#8211; A LOA &#8211; Lei Or\u00e7ament\u00e1ria Anual, que estabelece as Despesas e Receitas de cada exerc\u00edcio. Essas tr\u00eas Leis convergem entre si e tudo de acordo com o Plano de Governo.<\/p>\n<p>O Plano de Governo do PSD ser\u00e1 usado por seu candidato ou ser\u00e1 motivo de entendimento para inclus\u00e3o no Plano de Governo do candidato que o PSD vier a apoiar.<\/p>\n<p>Ficou evidenciado que a intens\u00e3o do PSD \u00e9 de uma gest\u00e3o planejada, com desenvolvimento do munic\u00edpio e gera\u00e7\u00e3o de emprego e renda.<\/p>\n<p>Finalizando Alfredo Cabral de Assis, agradeceu pela participa\u00e7\u00e3o de todos.<strong><em> \/\/ Ascom PSD<\/em><\/strong><\/p>\n\n\t\t<style type=\"text\/css\">\n\t\t\t#gallery-1 {\n\t\t\t\tmargin: auto;\n\t\t\t}\n\t\t\t#gallery-1 .gallery-item {\n\t\t\t\tfloat: left;\n\t\t\t\tmargin-top: 10px;\n\t\t\t\ttext-align: center;\n\t\t\t\twidth: 33%;\n\t\t\t}\n\t\t\t#gallery-1 img {\n\t\t\t\tborder: 2px solid #cfcfcf;\n\t\t\t}\n\t\t\t#gallery-1 .gallery-caption {\n\t\t\t\tmargin-left: 0;\n\t\t\t}\n\t\t\t\/* see gallery_shortcode() in wp-includes\/media.php *\/\n\t\t<\/style>\n\t\t<div id='gallery-1' class='gallery galleryid-107903 gallery-columns-3 gallery-size-thumbnail'><dl class='gallery-item'>\n\t\t\t<dt class='gallery-icon landscape'>\n\t\t\t\t<a href='https:\/\/www.sudoestehoje.com.br\/novoportal\/2023\/02\/16\/psd-de-itapetinga-se-reune-para-avaliar-participacao-nas-proximas-eleicoes\/whatsapp-image-2023-02-16-at-12-50-45-1\/'><img loading=\"lazy\" decoding=\"async\" width=\"150\" height=\"150\" src=\"https:\/\/www.sudoestehoje.com.br\/novoportal\/wp-content\/uploads\/2023\/02\/WhatsApp-Image-2023-02-16-at-12.50.45-1-150x150.jpeg\" class=\"attachment-thumbnail size-thumbnail\" alt=\"\" \/><\/a>\n\t\t\t<\/dt><\/dl><dl class='gallery-item'>\n\t\t\t<dt class='gallery-icon landscape'>\n\t\t\t\t<a href='https:\/\/www.sudoestehoje.com.br\/novoportal\/2023\/02\/16\/psd-de-itapetinga-se-reune-para-avaliar-participacao-nas-proximas-eleicoes\/whatsapp-image-2023-02-16-at-12-50-45\/'><img loading=\"lazy\" decoding=\"async\" width=\"150\" height=\"150\" src=\"https:\/\/www.sudoestehoje.com.br\/novoportal\/wp-content\/uploads\/2023\/02\/WhatsApp-Image-2023-02-16-at-12.50.45-150x150.jpeg\" class=\"attachment-thumbnail size-thumbnail\" alt=\"\" \/><\/a>\n\t\t\t<\/dt><\/dl><dl class='gallery-item'>\n\t\t\t<dt class='gallery-icon portrait'>\n\t\t\t\t<a href='https:\/\/www.sudoestehoje.com.br\/novoportal\/2023\/02\/16\/psd-de-itapetinga-se-reune-para-avaliar-participacao-nas-proximas-eleicoes\/whatsapp-image-2023-02-16-at-12-50-46-1\/'><img loading=\"lazy\" decoding=\"async\" width=\"150\" height=\"150\" src=\"https:\/\/www.sudoestehoje.com.br\/novoportal\/wp-content\/uploads\/2023\/02\/WhatsApp-Image-2023-02-16-at-12.50.46-1-150x150.jpeg\" class=\"attachment-thumbnail size-thumbnail\" alt=\"\" \/><\/a>\n\t\t\t<\/dt><\/dl><br style=\"clear: both\" \/><dl class='gallery-item'>\n\t\t\t<dt class='gallery-icon landscape'>\n\t\t\t\t<a href='https:\/\/www.sudoestehoje.com.br\/novoportal\/2023\/02\/16\/psd-de-itapetinga-se-reune-para-avaliar-participacao-nas-proximas-eleicoes\/whatsapp-image-2023-02-16-at-12-50-46-2\/'><img loading=\"lazy\" decoding=\"async\" width=\"150\" height=\"150\" src=\"https:\/\/www.sudoestehoje.com.br\/novoportal\/wp-content\/uploads\/2023\/02\/WhatsApp-Image-2023-02-16-at-12.50.46-2-150x150.jpeg\" class=\"attachment-thumbnail size-thumbnail\" alt=\"\" \/><\/a>\n\t\t\t<\/dt><\/dl><dl class='gallery-item'>\n\t\t\t<dt class='gallery-icon landscape'>\n\t\t\t\t<a href='https:\/\/www.sudoestehoje.com.br\/novoportal\/2023\/02\/16\/psd-de-itapetinga-se-reune-para-avaliar-participacao-nas-proximas-eleicoes\/whatsapp-image-2023-02-16-at-12-50-46\/'><img loading=\"lazy\" decoding=\"async\" width=\"150\" height=\"150\" src=\"https:\/\/www.sudoestehoje.com.br\/novoportal\/wp-content\/uploads\/2023\/02\/WhatsApp-Image-2023-02-16-at-12.50.46-150x150.jpeg\" class=\"attachment-thumbnail size-thumbnail\" alt=\"\" \/><\/a>\n\t\t\t<\/dt><\/dl><dl class='gallery-item'>\n\t\t\t<dt class='gallery-icon portrait'>\n\t\t\t\t<a href='https:\/\/www.sudoestehoje.com.br\/novoportal\/2023\/02\/16\/psd-de-itapetinga-se-reune-para-avaliar-participacao-nas-proximas-eleicoes\/whatsapp-image-2023-02-16-at-12-50-47\/'><img loading=\"lazy\" decoding=\"async\" width=\"150\" height=\"150\" src=\"https:\/\/www.sudoestehoje.com.br\/novoportal\/wp-content\/uploads\/2023\/02\/WhatsApp-Image-2023-02-16-at-12.50.47-150x150.jpeg\" class=\"attachment-thumbnail size-thumbnail\" alt=\"\" \/><\/a>\n\t\t\t<\/dt><\/dl><br style=\"clear: both\" \/>\n\t\t<\/div>\n\n","protected":false},"excerpt":{"rendered":"<p>Na reuni\u00e3o da Comiss\u00e3o do PSD, realizada nesta quarta (15), com a finalidade de avaliar a \u00faltima reuni\u00e3o e tra\u00e7ar metas para as pr\u00f3ximas elei\u00e7\u00f5es, a comiss\u00e3o do PSD no munic\u00edpio de Itapetinga contou com a participa\u00e7\u00e3o de alguns apoiadores engajados com quest\u00f5es jur\u00eddicas e sociais em defesa de pessoas e grupos vulner\u00e1veis, a exemplo [&hellip;]<\/p>\n","protected":false},"author":2,"featured_media":107905,"comment_status":"open","ping_status":"open","sticky":false,"template":"","format":"standard","meta":{"footnotes":"","_links_to":"","_links_to_target":""},"categories":[1],"tags":[],"class_list":["post-107903","post","type-post","status-publish","format-standard","has-post-thumbnail","hentry","category-geral"],"views":726,"_links":{"self":[{"href":"https:\/\/www.sudoestehoje.com.br\/novoportal\/wp-json\/wp\/v2\/posts\/107903","targetHints":{"allow":["GET"]}}],"collection":[{"href":"https:\/\/www.sudoestehoje.com.br\/novoportal\/wp-json\/wp\/v2\/posts"}],"about":[{"href":"https:\/\/www.sudoestehoje.com.br\/novoportal\/wp-json\/wp\/v2\/types\/post"}],"author":[{"embeddable":true,"href":"https:\/\/www.sudoestehoje.com.br\/novoportal\/wp-json\/wp\/v2\/users\/2"}],"replies":[{"embeddable":true,"href":"https:\/\/www.sudoestehoje.com.br\/novoportal\/wp-json\/wp\/v2\/comments?post=107903"}],"version-history":[{"count":3,"href":"https:\/\/www.sudoestehoje.com.br\/novoportal\/wp-json\/wp\/v2\/posts\/107903\/revisions"}],"predecessor-version":[{"id":107915,"href":"https:\/\/www.sudoestehoje.com.br\/novoportal\/wp-json\/wp\/v2\/posts\/107903\/revisions\/107915"}],"wp:featuredmedia":[{"embeddable":true,"href":"https:\/\/www.sudoestehoje.com.br\/novoportal\/wp-json\/wp\/v2\/media\/107905"}],"wp:attachment":[{"href":"https:\/\/www.sudoestehoje.com.br\/novoportal\/wp-json\/wp\/v2\/media?parent=107903"}],"wp:term":[{"taxonomy":"category","embeddable":true,"href":"https:\/\/www.sudoestehoje.com.br\/novoportal\/wp-json\/wp\/v2\/categories?post=107903"},{"taxonomy":"post_tag","embeddable":true,"href":"https:\/\/www.sudoestehoje.com.br\/novoportal\/wp-json\/wp\/v2\/tags?post=107903"}],"curies":[{"name":"wp","href":"https:\/\/api.w.org\/{rel}","templated":true}]}}