
{"id":107837,"date":"2023-02-16T10:55:08","date_gmt":"2023-02-16T13:55:08","guid":{"rendered":"https:\/\/www.sudoestehoje.com.br\/novoportal\/?p=107837"},"modified":"2023-02-16T10:55:08","modified_gmt":"2023-02-16T13:55:08","slug":"prefeito-rodrigo-hagge-participa-da-abertura-do-ano-legislativo-na-camara","status":"publish","type":"post","link":"https:\/\/www.sudoestehoje.com.br\/novoportal\/2023\/02\/16\/prefeito-rodrigo-hagge-participa-da-abertura-do-ano-legislativo-na-camara\/","title":{"rendered":"PREFEITO RODRIGO HAGGE PARTICIPA DA ABERTURA DO ANO LEGISLATIVO NA C\u00c2MARA"},"content":{"rendered":"<p><a href=\"https:\/\/www.sudoestehoje.com.br\/novoportal\/wp-content\/uploads\/2023\/02\/WhatsApp-Image-2023-02-16-at-09.25.19-4-990x661-1.jpeg\"><img loading=\"lazy\" decoding=\"async\" class=\"aligncenter size-medium wp-image-107840\" src=\"https:\/\/www.sudoestehoje.com.br\/novoportal\/wp-content\/uploads\/2023\/02\/WhatsApp-Image-2023-02-16-at-09.25.19-4-990x661-1-500x334.jpeg\" alt=\"\" width=\"500\" height=\"334\" srcset=\"https:\/\/www.sudoestehoje.com.br\/novoportal\/wp-content\/uploads\/2023\/02\/WhatsApp-Image-2023-02-16-at-09.25.19-4-990x661-1-500x334.jpeg 500w, https:\/\/www.sudoestehoje.com.br\/novoportal\/wp-content\/uploads\/2023\/02\/WhatsApp-Image-2023-02-16-at-09.25.19-4-990x661-1-700x467.jpeg 700w, https:\/\/www.sudoestehoje.com.br\/novoportal\/wp-content\/uploads\/2023\/02\/WhatsApp-Image-2023-02-16-at-09.25.19-4-990x661-1-768x513.jpeg 768w, https:\/\/www.sudoestehoje.com.br\/novoportal\/wp-content\/uploads\/2023\/02\/WhatsApp-Image-2023-02-16-at-09.25.19-4-990x661-1.jpeg 990w\" sizes=\"auto, (max-width: 500px) 100vw, 500px\" \/><\/a><\/p>\n<p><strong>Na noite desta quarta-feira, 16, o prefeito de Itapetinga, Rodrigo Hagge, realizou a tradicional leitura da mensagem anual para abertura do ano legislativo. O objetivo era fazer um balan\u00e7o do trabalho feito no ano anterior e expor os planos para o que se inicia.<\/strong><\/p>\n<p><strong>De acordo com o prefeito, mais do que cumprir um preceito legal, o momento \u00e9 uma oportunidade de \u201cmanter um di\u00e1logo respeitoso que sempre entendi que deva ser permanente e produtivo, entre os dois Poderes, para o bem de nossa cidade e de toda a nossa gente\u201d, afirmou Rodrigo.<\/strong><\/p>\n<p><strong>O prefeito lembro ainda, que, de acordo com os dados do CAGED, Itapetinga fechou o ano de 2022 com um saldo positivo de quase 400 empregos, o que demonstra desenvolvimento e crescimento econ\u00f4mico.<\/strong><\/p>\n<p><strong>Ap\u00f3s explanar as atividades realizadas durante o ano, todas as conquistas e desafios encontrados no caminho, Hagge fez uma an\u00e1lise, n\u00e3o apenas do \u00faltimo ano, mas de todos os seis anos completos de suas gest\u00f5es.<\/strong><\/p>\n<p><strong>\u201cTemos nos mantido no caminho do desenvolvimento, apesar de ver, muitas vezes, os obst\u00e1culos se agigantarem \u00e0 nossa frente. N\u00f3s n\u00e3o paramos durante a pandemia nem por conta das enchentes que nos atingiram fortemente. N\u00e3o pararemos a nos depararmos com nenhum outro porque preparamos um terreno f\u00e9rtil para colher os frutos de um trabalho \u00e1rduo que come\u00e7ou em 2017\u201d, afirmou Rodrigo Hagge.<\/strong><\/p>\n<p><strong>O prefeito desejou ainda um ano legislativo prof\u00edcuo e um 2023 de ainda mais crescimento.<\/strong><\/p>\n","protected":false},"excerpt":{"rendered":"<p>Na noite desta quarta-feira, 16, o prefeito de Itapetinga, Rodrigo Hagge, realizou a tradicional leitura da mensagem anual para abertura do ano legislativo. O objetivo era fazer um balan\u00e7o do trabalho feito no ano anterior e expor os planos para o que se inicia. De acordo com o prefeito, mais do que cumprir um preceito [&hellip;]<\/p>\n","protected":false},"author":2,"featured_media":107840,"comment_status":"open","ping_status":"open","sticky":false,"template":"","format":"standard","meta":{"footnotes":"","_links_to":"","_links_to_target":""},"categories":[1],"tags":[],"class_list":["post-107837","post","type-post","status-publish","format-standard","has-post-thumbnail","hentry","category-geral"],"views":624,"_links":{"self":[{"href":"https:\/\/www.sudoestehoje.com.br\/novoportal\/wp-json\/wp\/v2\/posts\/107837","targetHints":{"allow":["GET"]}}],"collection":[{"href":"https:\/\/www.sudoestehoje.com.br\/novoportal\/wp-json\/wp\/v2\/posts"}],"about":[{"href":"https:\/\/www.sudoestehoje.com.br\/novoportal\/wp-json\/wp\/v2\/types\/post"}],"author":[{"embeddable":true,"href":"https:\/\/www.sudoestehoje.com.br\/novoportal\/wp-json\/wp\/v2\/users\/2"}],"replies":[{"embeddable":true,"href":"https:\/\/www.sudoestehoje.com.br\/novoportal\/wp-json\/wp\/v2\/comments?post=107837"}],"version-history":[{"count":3,"href":"https:\/\/www.sudoestehoje.com.br\/novoportal\/wp-json\/wp\/v2\/posts\/107837\/revisions"}],"predecessor-version":[{"id":107842,"href":"https:\/\/www.sudoestehoje.com.br\/novoportal\/wp-json\/wp\/v2\/posts\/107837\/revisions\/107842"}],"wp:featuredmedia":[{"embeddable":true,"href":"https:\/\/www.sudoestehoje.com.br\/novoportal\/wp-json\/wp\/v2\/media\/107840"}],"wp:attachment":[{"href":"https:\/\/www.sudoestehoje.com.br\/novoportal\/wp-json\/wp\/v2\/media?parent=107837"}],"wp:term":[{"taxonomy":"category","embeddable":true,"href":"https:\/\/www.sudoestehoje.com.br\/novoportal\/wp-json\/wp\/v2\/categories?post=107837"},{"taxonomy":"post_tag","embeddable":true,"href":"https:\/\/www.sudoestehoje.com.br\/novoportal\/wp-json\/wp\/v2\/tags?post=107837"}],"curies":[{"name":"wp","href":"https:\/\/api.w.org\/{rel}","templated":true}]}}