
{"id":107833,"date":"2023-02-16T09:19:44","date_gmt":"2023-02-16T12:19:44","guid":{"rendered":"https:\/\/www.sudoestehoje.com.br\/novoportal\/?p=107833"},"modified":"2023-02-16T09:19:44","modified_gmt":"2023-02-16T12:19:44","slug":"midia-apresentador-sikera-esta-em-coma-induzido-em-hospital-de-manaus","status":"publish","type":"post","link":"https:\/\/www.sudoestehoje.com.br\/novoportal\/2023\/02\/16\/midia-apresentador-sikera-esta-em-coma-induzido-em-hospital-de-manaus\/","title":{"rendered":"M\u00cdDIA | APRESENTADOR SIK\u00caRA EST\u00c1 EM &#8216;COMA INDUZIDO&#8217; EM HOSPITAL DE MANAUS"},"content":{"rendered":"<p><a href=\"https:\/\/www.sudoestehoje.com.br\/novoportal\/wp-content\/uploads\/2023\/02\/Screenshot_1-803.jpg\"><img loading=\"lazy\" decoding=\"async\" class=\"aligncenter size-medium wp-image-107835\" src=\"https:\/\/www.sudoestehoje.com.br\/novoportal\/wp-content\/uploads\/2023\/02\/Screenshot_1-803-500x307.jpg\" alt=\"\" width=\"500\" height=\"307\" srcset=\"https:\/\/www.sudoestehoje.com.br\/novoportal\/wp-content\/uploads\/2023\/02\/Screenshot_1-803-500x307.jpg 500w, https:\/\/www.sudoestehoje.com.br\/novoportal\/wp-content\/uploads\/2023\/02\/Screenshot_1-803-700x429.jpg 700w, https:\/\/www.sudoestehoje.com.br\/novoportal\/wp-content\/uploads\/2023\/02\/Screenshot_1-803-768x471.jpg 768w, https:\/\/www.sudoestehoje.com.br\/novoportal\/wp-content\/uploads\/2023\/02\/Screenshot_1-803.jpg 900w\" sizes=\"auto, (max-width: 500px) 100vw, 500px\" \/><\/a><\/p>\n<p>O apresentador Sik\u00eara Jr., de 56 anos de idade, est\u00e1 internado por conta de um quadro de otite [inflama\u00e7\u00e3o no ouvido] bacteriana severa. A informa\u00e7\u00e3o foi divulgada pela mulher dele, Laura Peixoto, em um v\u00eddeo divulgado em seu Instagram, na noite desta quarta-feira (15).<\/p>\n<p>Sik\u00eara Jr. \u00e9 apresentador do Alerta Nacional, programa veiculado pela RedeTV.<\/p>\n<p>\u201cSik\u00eara apresentou quadro de otite severa e por esse motivo precisou internar, apresenta quadro de sa\u00fade est\u00e1vel, pedimos que os que o amam continuem orando para que logo ele v\u00e1 pra casa, e n\u00e3o acreditem em nenhuma noticia que n\u00e3o seja passada por mim. Atenciosamente, Laura, familiares e amigos\u201d, dizia o post de Laura.<\/p>\n<p><a href=\"https:\/\/www.sudoestehoje.com.br\/novoportal\/wp-content\/uploads\/2023\/02\/mqdefault.jpg\"><img loading=\"lazy\" decoding=\"async\" class=\"aligncenter  wp-image-107834\" src=\"https:\/\/www.sudoestehoje.com.br\/novoportal\/wp-content\/uploads\/2023\/02\/mqdefault.jpg\" alt=\"\" width=\"501\" height=\"282\" \/><\/a><\/p>\n<p>O tamb\u00e9m apresentador Luiz Bacci, usou seu Instagram para dizer que \u201cSik\u00eara estaria em coma induzido para controlar a agita\u00e7\u00e3o na UTI de um hospital particular em Manaus\u201d.<\/p>\n<p>\u201cO \u00e2ncora teria chegado com quadro de confus\u00e3o mental devido \u00e0 progress\u00e3o da doen\u00e7a mal curada. Laura e nem o hospital deram informa\u00e7\u00f5es se a infec\u00e7\u00e3o se espalhou pelo corpo. Vamos torcer pela r\u00e1pida recupera\u00e7\u00e3o\u201d, completou Bacci.<\/p>\n","protected":false},"excerpt":{"rendered":"<p>O apresentador Sik\u00eara Jr., de 56 anos de idade, est\u00e1 internado por conta de um quadro de otite [inflama\u00e7\u00e3o no ouvido] bacteriana severa. A informa\u00e7\u00e3o foi divulgada pela mulher dele, Laura Peixoto, em um v\u00eddeo divulgado em seu Instagram, na noite desta quarta-feira (15). Sik\u00eara Jr. \u00e9 apresentador do Alerta Nacional, programa veiculado pela RedeTV. [&hellip;]<\/p>\n","protected":false},"author":2,"featured_media":107835,"comment_status":"open","ping_status":"open","sticky":false,"template":"","format":"standard","meta":{"footnotes":"","_links_to":"","_links_to_target":""},"categories":[1],"tags":[],"class_list":["post-107833","post","type-post","status-publish","format-standard","has-post-thumbnail","hentry","category-geral"],"views":674,"_links":{"self":[{"href":"https:\/\/www.sudoestehoje.com.br\/novoportal\/wp-json\/wp\/v2\/posts\/107833","targetHints":{"allow":["GET"]}}],"collection":[{"href":"https:\/\/www.sudoestehoje.com.br\/novoportal\/wp-json\/wp\/v2\/posts"}],"about":[{"href":"https:\/\/www.sudoestehoje.com.br\/novoportal\/wp-json\/wp\/v2\/types\/post"}],"author":[{"embeddable":true,"href":"https:\/\/www.sudoestehoje.com.br\/novoportal\/wp-json\/wp\/v2\/users\/2"}],"replies":[{"embeddable":true,"href":"https:\/\/www.sudoestehoje.com.br\/novoportal\/wp-json\/wp\/v2\/comments?post=107833"}],"version-history":[{"count":1,"href":"https:\/\/www.sudoestehoje.com.br\/novoportal\/wp-json\/wp\/v2\/posts\/107833\/revisions"}],"predecessor-version":[{"id":107836,"href":"https:\/\/www.sudoestehoje.com.br\/novoportal\/wp-json\/wp\/v2\/posts\/107833\/revisions\/107836"}],"wp:featuredmedia":[{"embeddable":true,"href":"https:\/\/www.sudoestehoje.com.br\/novoportal\/wp-json\/wp\/v2\/media\/107835"}],"wp:attachment":[{"href":"https:\/\/www.sudoestehoje.com.br\/novoportal\/wp-json\/wp\/v2\/media?parent=107833"}],"wp:term":[{"taxonomy":"category","embeddable":true,"href":"https:\/\/www.sudoestehoje.com.br\/novoportal\/wp-json\/wp\/v2\/categories?post=107833"},{"taxonomy":"post_tag","embeddable":true,"href":"https:\/\/www.sudoestehoje.com.br\/novoportal\/wp-json\/wp\/v2\/tags?post=107833"}],"curies":[{"name":"wp","href":"https:\/\/api.w.org\/{rel}","templated":true}]}}