
{"id":107826,"date":"2023-02-16T08:50:43","date_gmt":"2023-02-16T11:50:43","guid":{"rendered":"https:\/\/www.sudoestehoje.com.br\/novoportal\/?p=107826"},"modified":"2023-02-16T08:53:50","modified_gmt":"2023-02-16T11:53:50","slug":"carnaval-em-salvador-folia-comeca-nesta-quinta-nos-circuitos-dodo-e-osmar","status":"publish","type":"post","link":"https:\/\/www.sudoestehoje.com.br\/novoportal\/2023\/02\/16\/carnaval-em-salvador-folia-comeca-nesta-quinta-nos-circuitos-dodo-e-osmar\/","title":{"rendered":"CARNAVAL EM SALVADOR | FOLIA COME\u00c7A NESTA QUINTA NOS CIRCUITOS DOD\u00d4 E OSMAR"},"content":{"rendered":"<p><a href=\"https:\/\/www.sudoestehoje.com.br\/novoportal\/wp-content\/uploads\/2023\/02\/csm_carnaval_4_58ba0b9937.jpg\"><img loading=\"lazy\" decoding=\"async\" class=\"aligncenter size-medium wp-image-107829\" src=\"https:\/\/www.sudoestehoje.com.br\/novoportal\/wp-content\/uploads\/2023\/02\/csm_carnaval_4_58ba0b9937-500x263.jpg\" alt=\"\" width=\"500\" height=\"263\" srcset=\"https:\/\/www.sudoestehoje.com.br\/novoportal\/wp-content\/uploads\/2023\/02\/csm_carnaval_4_58ba0b9937-500x263.jpg 500w, https:\/\/www.sudoestehoje.com.br\/novoportal\/wp-content\/uploads\/2023\/02\/csm_carnaval_4_58ba0b9937.jpg 600w\" sizes=\"auto, (max-width: 500px) 100vw, 500px\" \/><\/a><\/p>\n<p>Agora sim, oficialmente, o baiano pode dizer: &#8220;j\u00e1 \u00e9 carnaval cidade&#8221;! Ap\u00f3s dois anos com saudade da festa, o p\u00fablico poder\u00e1 matar a vontade de curtir a folia a partir desta quinta-feira (15), com os trios que saem no circuito da\u00a0<a href=\"https:\/\/g1.globo.com\/ba\/bahia\/carnavalnabahia\/noticia\/2023\/02\/13\/veja-lista-de-atracoes-e-ordem-dos-desfiles-no-circuito-dodo-durante-o-carnaval-de-salvador.ghtml\">Barra-Ondina<\/a>\u00a0(Dod\u00f4),\u00a0<a href=\"https:\/\/g1.globo.com\/ba\/bahia\/carnavalnabahia\/noticia\/2023\/02\/13\/veja-lista-de-atracoes-que-vao-desfilar-nos-circuitos-do-carnaval-de-salvador.ghtml\">Campo Grande<\/a>\u00a0(Osmar) e\u00a0<a href=\"https:\/\/g1.globo.com\/ba\/bahia\/carnavalnabahia\/noticia\/2023\/02\/13\/confira-atracoes-e-ordem-dos-desfiles-no-circuito-batatinha-durante-carnaval-de-salvador.ghtml\">Batatinha<\/a>\u00a0(Pelourinho).<\/p>\n<p>E como o carnaval \u00e9 uma festa do povo, h\u00e1 atra\u00e7\u00f5es para todos os gostos e agendas. Quem n\u00e3o quer dormir tarde, pode conferir as atra\u00e7\u00f5es da orla da Barra, que come\u00e7ar\u00e3o a sair do Farol a partir das 16h, com o trio de Ivete Sangalo. A cantora levar\u00e1 suas &#8220;crias&#8221; na pipoca que vai at\u00e9 as Gordinhas de Ondina.<\/p>\n<p><a href=\"https:\/\/www.sudoestehoje.com.br\/novoportal\/wp-content\/uploads\/2023\/02\/52917prefeitura-anuncia-festa-com-trio-de-ivete-sangalo-ate-a-barra-3.jpg\"><img loading=\"lazy\" decoding=\"async\" class=\"aligncenter size-medium wp-image-107831\" src=\"https:\/\/www.sudoestehoje.com.br\/novoportal\/wp-content\/uploads\/2023\/02\/52917prefeitura-anuncia-festa-com-trio-de-ivete-sangalo-ate-a-barra-3-500x235.jpg\" alt=\"\" width=\"500\" height=\"235\" srcset=\"https:\/\/www.sudoestehoje.com.br\/novoportal\/wp-content\/uploads\/2023\/02\/52917prefeitura-anuncia-festa-com-trio-de-ivete-sangalo-ate-a-barra-3-500x235.jpg 500w, https:\/\/www.sudoestehoje.com.br\/novoportal\/wp-content\/uploads\/2023\/02\/52917prefeitura-anuncia-festa-com-trio-de-ivete-sangalo-ate-a-barra-3-700x329.jpg 700w, https:\/\/www.sudoestehoje.com.br\/novoportal\/wp-content\/uploads\/2023\/02\/52917prefeitura-anuncia-festa-com-trio-de-ivete-sangalo-ate-a-barra-3-768x361.jpg 768w, https:\/\/www.sudoestehoje.com.br\/novoportal\/wp-content\/uploads\/2023\/02\/52917prefeitura-anuncia-festa-com-trio-de-ivete-sangalo-ate-a-barra-3.jpg 926w\" sizes=\"auto, (max-width: 500px) 100vw, 500px\" \/><\/a><\/p>\n<div id=\"chunk-aess5\">\n<div class=\"mc-column content-text active-extra-styles \" data-block-type=\"unstyled\" data-block-weight=\"44\" data-block-id=\"8\">\n<p class=\"content-text__container \" data-track-category=\"Link no Texto\" data-track-links=\"\">E para quem gosta de um carnaval &#8220;raiz&#8221;, \u00e9 s\u00f3 ir at\u00e9 o Campo Grande, onde os shows come\u00e7am por volta das 18h. Armandinho e Daniela Mercury ir\u00e3o relembrar os sucessos da folia, enquanto Thiago Aquino tocar\u00e1 um arrocha para os apaixonados.<\/p>\n<\/div>\n<\/div>\n<div id=\"chunk-bdu4b\">\n<div class=\"mc-column content-text active-extra-styles \" data-block-type=\"unstyled\" data-block-weight=\"27\" data-block-id=\"9\">\n<p class=\"content-text__container \" data-track-category=\"Link no Texto\" data-track-links=\"\">Independentemente do circuito escolhido para aproveitar o primeiro dia da festa, o importante \u00e9 se hidratar bastante, usar roupas confort\u00e1veis e claro, respeitar os outros foli\u00f5es.<\/p>\n<\/div>\n<\/div>\n","protected":false},"excerpt":{"rendered":"<p>Agora sim, oficialmente, o baiano pode dizer: &#8220;j\u00e1 \u00e9 carnaval cidade&#8221;! Ap\u00f3s dois anos com saudade da festa, o p\u00fablico poder\u00e1 matar a vontade de curtir a folia a partir desta quinta-feira (15), com os trios que saem no circuito da\u00a0Barra-Ondina\u00a0(Dod\u00f4),\u00a0Campo Grande\u00a0(Osmar) e\u00a0Batatinha\u00a0(Pelourinho). E como o carnaval \u00e9 uma festa do povo, h\u00e1 atra\u00e7\u00f5es para [&hellip;]<\/p>\n","protected":false},"author":2,"featured_media":107829,"comment_status":"open","ping_status":"open","sticky":false,"template":"","format":"standard","meta":{"footnotes":"","_links_to":"","_links_to_target":""},"categories":[1],"tags":[],"class_list":["post-107826","post","type-post","status-publish","format-standard","has-post-thumbnail","hentry","category-geral"],"views":664,"_links":{"self":[{"href":"https:\/\/www.sudoestehoje.com.br\/novoportal\/wp-json\/wp\/v2\/posts\/107826","targetHints":{"allow":["GET"]}}],"collection":[{"href":"https:\/\/www.sudoestehoje.com.br\/novoportal\/wp-json\/wp\/v2\/posts"}],"about":[{"href":"https:\/\/www.sudoestehoje.com.br\/novoportal\/wp-json\/wp\/v2\/types\/post"}],"author":[{"embeddable":true,"href":"https:\/\/www.sudoestehoje.com.br\/novoportal\/wp-json\/wp\/v2\/users\/2"}],"replies":[{"embeddable":true,"href":"https:\/\/www.sudoestehoje.com.br\/novoportal\/wp-json\/wp\/v2\/comments?post=107826"}],"version-history":[{"count":4,"href":"https:\/\/www.sudoestehoje.com.br\/novoportal\/wp-json\/wp\/v2\/posts\/107826\/revisions"}],"predecessor-version":[{"id":107832,"href":"https:\/\/www.sudoestehoje.com.br\/novoportal\/wp-json\/wp\/v2\/posts\/107826\/revisions\/107832"}],"wp:featuredmedia":[{"embeddable":true,"href":"https:\/\/www.sudoestehoje.com.br\/novoportal\/wp-json\/wp\/v2\/media\/107829"}],"wp:attachment":[{"href":"https:\/\/www.sudoestehoje.com.br\/novoportal\/wp-json\/wp\/v2\/media?parent=107826"}],"wp:term":[{"taxonomy":"category","embeddable":true,"href":"https:\/\/www.sudoestehoje.com.br\/novoportal\/wp-json\/wp\/v2\/categories?post=107826"},{"taxonomy":"post_tag","embeddable":true,"href":"https:\/\/www.sudoestehoje.com.br\/novoportal\/wp-json\/wp\/v2\/tags?post=107826"}],"curies":[{"name":"wp","href":"https:\/\/api.w.org\/{rel}","templated":true}]}}