
{"id":107820,"date":"2023-02-15T10:16:28","date_gmt":"2023-02-15T13:16:28","guid":{"rendered":"https:\/\/www.sudoestehoje.com.br\/novoportal\/?p=107820"},"modified":"2023-02-15T10:16:28","modified_gmt":"2023-02-15T13:16:28","slug":"bahia-decepciona-na-fonte-nova-e-perde-de-3-a-0-para-o-fortaleza-pela-copa-nordesta","status":"publish","type":"post","link":"https:\/\/www.sudoestehoje.com.br\/novoportal\/2023\/02\/15\/bahia-decepciona-na-fonte-nova-e-perde-de-3-a-0-para-o-fortaleza-pela-copa-nordesta\/","title":{"rendered":"BAHIA DECEPCIONA NA FONTE NOVA E PERDE DE 3 A 0 PARA O FORTALEZA PELA COPA NORDESTA"},"content":{"rendered":"<p><a href=\"https:\/\/www.sudoestehoje.com.br\/novoportal\/wp-content\/uploads\/2023\/02\/cats-21-1.webp\"><img loading=\"lazy\" decoding=\"async\" class=\"aligncenter size-medium wp-image-107823\" src=\"https:\/\/www.sudoestehoje.com.br\/novoportal\/wp-content\/uploads\/2023\/02\/cats-21-1-500x282.webp\" alt=\"\" width=\"500\" height=\"282\" srcset=\"https:\/\/www.sudoestehoje.com.br\/novoportal\/wp-content\/uploads\/2023\/02\/cats-21-1-500x282.webp 500w, https:\/\/www.sudoestehoje.com.br\/novoportal\/wp-content\/uploads\/2023\/02\/cats-21-1.webp 620w\" sizes=\"auto, (max-width: 500px) 100vw, 500px\" \/><\/a><\/p>\n<p>O \u2018novo Bahia\u2019 pertencente ao Grupo City n\u00e3o foi bem no primeiro confronto com equipe da s\u00e9rie A do Campeonato Brasileiro.<\/p>\n<p>Na noite desta ter\u00e7a-feira (14), recebeu o Fortaleza pela Copa do Nordeste e decepcionou ao bom p\u00fablico presente na Arena Fonte Nova, levou de 3 a 0 do Fortaleza com todos os gols marcados ainda no primeiro tempo e foi para os vesti\u00e1rios debaixo de muita vaia.<\/p>\n<p>A situa\u00e7\u00e3o complicou para\u00a0 garantir uma vaga nas quartas de final, pois, foi o terceiro jogo e ainda n\u00e3o sabe o que \u00e9 triunfar. S\u00e3o duas derrotas e um empate.<\/p>\n","protected":false},"excerpt":{"rendered":"<p>O \u2018novo Bahia\u2019 pertencente ao Grupo City n\u00e3o foi bem no primeiro confronto com equipe da s\u00e9rie A do Campeonato Brasileiro. Na noite desta ter\u00e7a-feira (14), recebeu o Fortaleza pela Copa do Nordeste e decepcionou ao bom p\u00fablico presente na Arena Fonte Nova, levou de 3 a 0 do Fortaleza com todos os gols marcados [&hellip;]<\/p>\n","protected":false},"author":2,"featured_media":107823,"comment_status":"open","ping_status":"open","sticky":false,"template":"","format":"standard","meta":{"footnotes":"","_links_to":"","_links_to_target":""},"categories":[1],"tags":[],"class_list":["post-107820","post","type-post","status-publish","format-standard","has-post-thumbnail","hentry","category-geral"],"views":563,"_links":{"self":[{"href":"https:\/\/www.sudoestehoje.com.br\/novoportal\/wp-json\/wp\/v2\/posts\/107820","targetHints":{"allow":["GET"]}}],"collection":[{"href":"https:\/\/www.sudoestehoje.com.br\/novoportal\/wp-json\/wp\/v2\/posts"}],"about":[{"href":"https:\/\/www.sudoestehoje.com.br\/novoportal\/wp-json\/wp\/v2\/types\/post"}],"author":[{"embeddable":true,"href":"https:\/\/www.sudoestehoje.com.br\/novoportal\/wp-json\/wp\/v2\/users\/2"}],"replies":[{"embeddable":true,"href":"https:\/\/www.sudoestehoje.com.br\/novoportal\/wp-json\/wp\/v2\/comments?post=107820"}],"version-history":[{"count":2,"href":"https:\/\/www.sudoestehoje.com.br\/novoportal\/wp-json\/wp\/v2\/posts\/107820\/revisions"}],"predecessor-version":[{"id":107824,"href":"https:\/\/www.sudoestehoje.com.br\/novoportal\/wp-json\/wp\/v2\/posts\/107820\/revisions\/107824"}],"wp:featuredmedia":[{"embeddable":true,"href":"https:\/\/www.sudoestehoje.com.br\/novoportal\/wp-json\/wp\/v2\/media\/107823"}],"wp:attachment":[{"href":"https:\/\/www.sudoestehoje.com.br\/novoportal\/wp-json\/wp\/v2\/media?parent=107820"}],"wp:term":[{"taxonomy":"category","embeddable":true,"href":"https:\/\/www.sudoestehoje.com.br\/novoportal\/wp-json\/wp\/v2\/categories?post=107820"},{"taxonomy":"post_tag","embeddable":true,"href":"https:\/\/www.sudoestehoje.com.br\/novoportal\/wp-json\/wp\/v2\/tags?post=107820"}],"curies":[{"name":"wp","href":"https:\/\/api.w.org\/{rel}","templated":true}]}}