
{"id":107816,"date":"2023-02-15T10:01:47","date_gmt":"2023-02-15T13:01:47","guid":{"rendered":"https:\/\/www.sudoestehoje.com.br\/novoportal\/?p=107816"},"modified":"2023-02-15T10:01:47","modified_gmt":"2023-02-15T13:01:47","slug":"deputado-bolsonarista-e-escolhido-como-vice-lider-de-jeronimo-na-assembleia","status":"publish","type":"post","link":"https:\/\/www.sudoestehoje.com.br\/novoportal\/2023\/02\/15\/deputado-bolsonarista-e-escolhido-como-vice-lider-de-jeronimo-na-assembleia\/","title":{"rendered":"DEPUTADO BOLSONARISTA \u00c9 ESCOLHIDO COMO VICE-L\u00cdDER DE JER\u00d4NIMO NA ASSEMBLEIA"},"content":{"rendered":"<p><a href=\"https:\/\/www.sudoestehoje.com.br\/novoportal\/wp-content\/uploads\/2023\/02\/raimundinho_da_JR_JeronimoRodrigues.jpg\"><img loading=\"lazy\" decoding=\"async\" class=\"aligncenter size-medium wp-image-107818\" src=\"https:\/\/www.sudoestehoje.com.br\/novoportal\/wp-content\/uploads\/2023\/02\/raimundinho_da_JR_JeronimoRodrigues-500x282.jpg\" alt=\"\" width=\"500\" height=\"282\" srcset=\"https:\/\/www.sudoestehoje.com.br\/novoportal\/wp-content\/uploads\/2023\/02\/raimundinho_da_JR_JeronimoRodrigues-500x282.jpg 500w, https:\/\/www.sudoestehoje.com.br\/novoportal\/wp-content\/uploads\/2023\/02\/raimundinho_da_JR_JeronimoRodrigues-700x394.jpg 700w, https:\/\/www.sudoestehoje.com.br\/novoportal\/wp-content\/uploads\/2023\/02\/raimundinho_da_JR_JeronimoRodrigues-768x433.jpg 768w, https:\/\/www.sudoestehoje.com.br\/novoportal\/wp-content\/uploads\/2023\/02\/raimundinho_da_JR_JeronimoRodrigues.jpg 1200w\" sizes=\"auto, (max-width: 500px) 100vw, 500px\" \/><\/a><\/p>\n<p><strong>O deputado estadual Raimundinho da JR (PL) foi escolhido vice-l\u00edder do governo de Jer\u00f4nimo Rodrigues (PT) na Assembleia Legislativa. O deputado, que est\u00e1 em seu primeiro mandato, teve apoio do prefeito bolsonarista de Porto Seguro, J\u00e2nio Natal, durante as elei\u00e7\u00f5es de 2022.<\/strong><\/p>\n<p><strong>Nas redes sociais, Raimundinho da JR comemorou a nomea\u00e7\u00e3o, ocorrida na semana passada. \u201c\u00c9 com imenso prazer que compartilho com voc\u00eas minha recente conquista na Assembleia Legislativa. Sou o novo vice-l\u00edder do governo Jer\u00f4nimo, e isso \u00e9 fruto de muito trabalho e dedica\u00e7\u00e3o\u201d, disse.<\/strong><\/p>\n<p><strong>\u201cSempre busquei estar ao lado da popula\u00e7\u00e3o, lutando pelos seus interesses e buscando o seu bem-estar. Agrade\u00e7o a todos que acreditam no meu trabalho. Vamos continuar empenhados no desenvolvimento de nossa regi\u00e3o e na garantia de um futuro melhor para todos os cidad\u00e3os\u201d, acrescentou o deputado.<\/strong><\/p>\n","protected":false},"excerpt":{"rendered":"<p>O deputado estadual Raimundinho da JR (PL) foi escolhido vice-l\u00edder do governo de Jer\u00f4nimo Rodrigues (PT) na Assembleia Legislativa. O deputado, que est\u00e1 em seu primeiro mandato, teve apoio do prefeito bolsonarista de Porto Seguro, J\u00e2nio Natal, durante as elei\u00e7\u00f5es de 2022. Nas redes sociais, Raimundinho da JR comemorou a nomea\u00e7\u00e3o, ocorrida na semana passada. [&hellip;]<\/p>\n","protected":false},"author":2,"featured_media":107818,"comment_status":"open","ping_status":"open","sticky":false,"template":"","format":"standard","meta":{"footnotes":"","_links_to":"","_links_to_target":""},"categories":[1],"tags":[],"class_list":["post-107816","post","type-post","status-publish","format-standard","has-post-thumbnail","hentry","category-geral"],"views":646,"_links":{"self":[{"href":"https:\/\/www.sudoestehoje.com.br\/novoportal\/wp-json\/wp\/v2\/posts\/107816","targetHints":{"allow":["GET"]}}],"collection":[{"href":"https:\/\/www.sudoestehoje.com.br\/novoportal\/wp-json\/wp\/v2\/posts"}],"about":[{"href":"https:\/\/www.sudoestehoje.com.br\/novoportal\/wp-json\/wp\/v2\/types\/post"}],"author":[{"embeddable":true,"href":"https:\/\/www.sudoestehoje.com.br\/novoportal\/wp-json\/wp\/v2\/users\/2"}],"replies":[{"embeddable":true,"href":"https:\/\/www.sudoestehoje.com.br\/novoportal\/wp-json\/wp\/v2\/comments?post=107816"}],"version-history":[{"count":2,"href":"https:\/\/www.sudoestehoje.com.br\/novoportal\/wp-json\/wp\/v2\/posts\/107816\/revisions"}],"predecessor-version":[{"id":107819,"href":"https:\/\/www.sudoestehoje.com.br\/novoportal\/wp-json\/wp\/v2\/posts\/107816\/revisions\/107819"}],"wp:featuredmedia":[{"embeddable":true,"href":"https:\/\/www.sudoestehoje.com.br\/novoportal\/wp-json\/wp\/v2\/media\/107818"}],"wp:attachment":[{"href":"https:\/\/www.sudoestehoje.com.br\/novoportal\/wp-json\/wp\/v2\/media?parent=107816"}],"wp:term":[{"taxonomy":"category","embeddable":true,"href":"https:\/\/www.sudoestehoje.com.br\/novoportal\/wp-json\/wp\/v2\/categories?post=107816"},{"taxonomy":"post_tag","embeddable":true,"href":"https:\/\/www.sudoestehoje.com.br\/novoportal\/wp-json\/wp\/v2\/tags?post=107816"}],"curies":[{"name":"wp","href":"https:\/\/api.w.org\/{rel}","templated":true}]}}