
{"id":107810,"date":"2023-02-15T09:09:57","date_gmt":"2023-02-15T12:09:57","guid":{"rendered":"https:\/\/www.sudoestehoje.com.br\/novoportal\/?p=107810"},"modified":"2023-02-15T09:26:10","modified_gmt":"2023-02-15T12:26:10","slug":"itapetinga-abatedouro-de-aves-prometido-pelo-governo-caiu-no-esquecimento","status":"publish","type":"post","link":"https:\/\/www.sudoestehoje.com.br\/novoportal\/2023\/02\/15\/itapetinga-abatedouro-de-aves-prometido-pelo-governo-caiu-no-esquecimento\/","title":{"rendered":"ITAPETINGA | ABATEDOURO DE AVES PROMETIDO PELO GOVERNO CAIU NO ESQUECIMENTO"},"content":{"rendered":"<p><a href=\"https:\/\/www.sudoestehoje.com.br\/novoportal\/wp-content\/uploads\/2023\/02\/download.jpg\"><img loading=\"lazy\" decoding=\"async\" class=\"aligncenter wp-image-107812\" src=\"https:\/\/www.sudoestehoje.com.br\/novoportal\/wp-content\/uploads\/2023\/02\/download.jpg\" alt=\"\" width=\"499\" height=\"332\" \/><\/a><\/p>\n<p><strong>Em abril de 2021, pol\u00edticos petistas da regi\u00e3o, juntamente com o ent\u00e3o Secret\u00e1rio Estadual de Agricultura, Lucas Costa, disputaram a &#8216;paternidade&#8217; de um suposto ABATEDEURO DE AVES que seria implantado em Itapetinga pelo governo Rui Costa.<\/strong><\/p>\n<p><strong>O munic\u00edpio, segundo os governistas, havia sido selecionado para ser beneficiado com a constru\u00e7\u00e3o do importante equipamento, que j\u00e1 conta com todos os projetos arquitet\u00f4nicos validados pela Ag\u00eancia Estadual de Defesa Agropecu\u00e1ria da Bahia (Adab), em conjunto com a Superintend\u00eancia de Patrim\u00f4nio (Supat), \u00f3rg\u00e3o respons\u00e1vel pela execu\u00e7\u00e3o do projeto, e j\u00e1 submetidos \u00e0 Caixa Econ\u00f4mica Federal.\u00a0<\/strong><\/p>\n<p><strong>Na \u00e9poca, o prefeito Rodrigo Hagge cedeu uma \u00e1rea de terras no Distrito Industrial do munic\u00edpio e at\u00e9 participou na &#8216;visita t\u00e9cnica&#8217; ao local onde seria instalado o frigor\u00edfico, na esperan\u00e7a de fortalecer a economia do munic\u00edpios e gerar novos empregos.<\/strong><\/p>\n<p><strong>No evento, o &#8216;diligente&#8217; deputado Rosembarg Pinto (PT), chegou a comentar:<em>\u00a0\u201cA avicultura de corte no estado est\u00e1 concentrada na regi\u00e3o do Rec\u00f4ncavo baiano e Feira de Santana, mas a atividade est\u00e1 sendo expandida para outras regi\u00f5es, e o M\u00e9dio Sudoeste ser\u00e1 uma delas\u201d.<\/em><\/strong><\/p>\n<p><strong>Bastou o secret\u00e1rio Lucas Costa ser exonerado do cargo, meses depois, para o badalado e disputado empreendimento cair na vala do esquecimento, pra variar.<\/strong><\/p>\n<p><strong>Algu\u00e9m ligado ao atual governo do estado tem not\u00edcias? O pr\u00f3prio Lucas Costa pode responder, j\u00e1 que continua no governo Assessor de Gabinete do governador Jer\u00f4nimo Rodrigues (PT). Rosemberg tamb\u00e9m&#8230;\u00a0<\/strong><\/p>\n<p><em><strong>Por Davi Ferraz<\/strong><\/em><\/p>\n","protected":false},"excerpt":{"rendered":"<p>Em abril de 2021, pol\u00edticos petistas da regi\u00e3o, juntamente com o ent\u00e3o Secret\u00e1rio Estadual de Agricultura, Lucas Costa, disputaram a &#8216;paternidade&#8217; de um suposto ABATEDEURO DE AVES que seria implantado em Itapetinga pelo governo Rui Costa. O munic\u00edpio, segundo os governistas, havia sido selecionado para ser beneficiado com a constru\u00e7\u00e3o do importante equipamento, que j\u00e1 [&hellip;]<\/p>\n","protected":false},"author":2,"featured_media":107812,"comment_status":"open","ping_status":"open","sticky":false,"template":"","format":"standard","meta":{"footnotes":"","_links_to":"","_links_to_target":""},"categories":[1],"tags":[],"class_list":["post-107810","post","type-post","status-publish","format-standard","has-post-thumbnail","hentry","category-geral"],"views":766,"_links":{"self":[{"href":"https:\/\/www.sudoestehoje.com.br\/novoportal\/wp-json\/wp\/v2\/posts\/107810","targetHints":{"allow":["GET"]}}],"collection":[{"href":"https:\/\/www.sudoestehoje.com.br\/novoportal\/wp-json\/wp\/v2\/posts"}],"about":[{"href":"https:\/\/www.sudoestehoje.com.br\/novoportal\/wp-json\/wp\/v2\/types\/post"}],"author":[{"embeddable":true,"href":"https:\/\/www.sudoestehoje.com.br\/novoportal\/wp-json\/wp\/v2\/users\/2"}],"replies":[{"embeddable":true,"href":"https:\/\/www.sudoestehoje.com.br\/novoportal\/wp-json\/wp\/v2\/comments?post=107810"}],"version-history":[{"count":4,"href":"https:\/\/www.sudoestehoje.com.br\/novoportal\/wp-json\/wp\/v2\/posts\/107810\/revisions"}],"predecessor-version":[{"id":107815,"href":"https:\/\/www.sudoestehoje.com.br\/novoportal\/wp-json\/wp\/v2\/posts\/107810\/revisions\/107815"}],"wp:featuredmedia":[{"embeddable":true,"href":"https:\/\/www.sudoestehoje.com.br\/novoportal\/wp-json\/wp\/v2\/media\/107812"}],"wp:attachment":[{"href":"https:\/\/www.sudoestehoje.com.br\/novoportal\/wp-json\/wp\/v2\/media?parent=107810"}],"wp:term":[{"taxonomy":"category","embeddable":true,"href":"https:\/\/www.sudoestehoje.com.br\/novoportal\/wp-json\/wp\/v2\/categories?post=107810"},{"taxonomy":"post_tag","embeddable":true,"href":"https:\/\/www.sudoestehoje.com.br\/novoportal\/wp-json\/wp\/v2\/tags?post=107810"}],"curies":[{"name":"wp","href":"https:\/\/api.w.org\/{rel}","templated":true}]}}