
{"id":107807,"date":"2023-02-15T08:24:33","date_gmt":"2023-02-15T11:24:33","guid":{"rendered":"https:\/\/www.sudoestehoje.com.br\/novoportal\/?p=107807"},"modified":"2023-02-15T08:24:33","modified_gmt":"2023-02-15T11:24:33","slug":"carreta-tomba-e-paga-fogo-em-desvio-na-br-101-entre-itamaraju-e-teixeira-de-freitas","status":"publish","type":"post","link":"https:\/\/www.sudoestehoje.com.br\/novoportal\/2023\/02\/15\/carreta-tomba-e-paga-fogo-em-desvio-na-br-101-entre-itamaraju-e-teixeira-de-freitas\/","title":{"rendered":"CARRETA TOMBA E PAGA FOGO EM DESVIO NA BR-101 ENTRE ITAMARAJU E TEIXEIRA DE FREITAS"},"content":{"rendered":"<div id=\"chunk-4t8d7\">\n<div class=\"mc-column content-text active-extra-styles \" data-block-type=\"unstyled\" data-block-weight=\"48\" data-block-id=\"3\">\n<p data-track-category=\"Link no Texto\" data-track-links=\"\"><a href=\"https:\/\/www.sudoestehoje.com.br\/novoportal\/wp-content\/uploads\/2023\/02\/whatsapp-image-2023-02-14-at-16.27.08.webp\"><img loading=\"lazy\" decoding=\"async\" class=\"aligncenter size-medium wp-image-107808\" src=\"https:\/\/www.sudoestehoje.com.br\/novoportal\/wp-content\/uploads\/2023\/02\/whatsapp-image-2023-02-14-at-16.27.08-500x313.webp\" alt=\"\" width=\"500\" height=\"313\" srcset=\"https:\/\/www.sudoestehoje.com.br\/novoportal\/wp-content\/uploads\/2023\/02\/whatsapp-image-2023-02-14-at-16.27.08-500x313.webp 500w, https:\/\/www.sudoestehoje.com.br\/novoportal\/wp-content\/uploads\/2023\/02\/whatsapp-image-2023-02-14-at-16.27.08-700x438.webp 700w, https:\/\/www.sudoestehoje.com.br\/novoportal\/wp-content\/uploads\/2023\/02\/whatsapp-image-2023-02-14-at-16.27.08-768x481.webp 768w, https:\/\/www.sudoestehoje.com.br\/novoportal\/wp-content\/uploads\/2023\/02\/whatsapp-image-2023-02-14-at-16.27.08.webp 984w\" sizes=\"auto, (max-width: 500px) 100vw, 500px\" \/><\/a><\/p>\n<p class=\"content-text__container \" data-track-category=\"Link no Texto\" data-track-links=\"\">Um motorista saiu ileso ap\u00f3s a carreta que ele dirigia capotar e cair em uma ribanceira na tarde desta ter\u00e7a-feira (14), na BR-101, entre as cidades de Teixeira de Freitas e\u00a0<a href=\"https:\/\/g1.globo.com\/ba\/bahia\/cidade\/itamaraju\/\">Itamaraju<\/a>. O ve\u00edculo, que transportava uma carga de granito, pegou fogo logo em seguida e ficou destru\u00eddo.<\/p>\n<\/div>\n<\/div>\n<div class=\"wall protected-content\">\n<div id=\"chunk-cb04k\">\n<div class=\"mc-column content-text active-extra-styles \" data-block-type=\"unstyled\" data-block-weight=\"37\" data-block-id=\"4\">\n<p class=\"content-text__container \" data-track-category=\"Link no Texto\" data-track-links=\"\">De acordo com a Pol\u00edcia Rodovi\u00e1ria Federal (PRF), o acidente ocorreu em um desvio constru\u00eddo provisoriamente ao lado de uma cratera, que se abriu por causa das\u00a0<a href=\"https:\/\/g1.globo.com\/ba\/bahia\/noticia\/2022\/12\/24\/chuva-causa-estragos-em-cidades-do-sul-da-bahia-rio-cachoeira-subiu-7-metros.ghtml\">chuvas que ca\u00edram na cidade em dezembro do ano passado<\/a>.<\/p>\n<\/div>\n<\/div>\n<div id=\"chunk-fk277\">\n<div class=\"mc-column content-text active-extra-styles \" data-block-type=\"unstyled\" data-block-weight=\"20\" data-block-id=\"5\">\n<p class=\"content-text__container \" data-track-category=\"Link no Texto\" data-track-links=\"\">Ainda de acordo com a PRF, o motorista teria perdido o controle da dire\u00e7\u00e3o antes de cair na ribanceira.<\/p>\n<p data-track-category=\"Link no Texto\" data-track-links=\"\">O desvio havia sido<a href=\"https:\/\/g1.globo.com\/ba\/bahia\/noticia\/2023\/02\/10\/acesso-de-veiculos-pesados-ao-desvio-entre-teixeira-de-freitas-e-itamaraju-e-liberado-rodovia-ficou-interditada-apos-temporais.ghtml\">\u00a0liberado para ve\u00edculos leves e pesados, nos dois sentidos, na tarde da \u00faltima quinta-feira (9)<\/a>, depois que o Departamento Nacional de Infraestrutura de Transportes (Dnit) fez o alargamento do trecho.<\/p>\n<\/div>\n<\/div>\n<\/div>\n","protected":false},"excerpt":{"rendered":"<p>Um motorista saiu ileso ap\u00f3s a carreta que ele dirigia capotar e cair em uma ribanceira na tarde desta ter\u00e7a-feira (14), na BR-101, entre as cidades de Teixeira de Freitas e\u00a0Itamaraju. O ve\u00edculo, que transportava uma carga de granito, pegou fogo logo em seguida e ficou destru\u00eddo. De acordo com a Pol\u00edcia Rodovi\u00e1ria Federal (PRF), [&hellip;]<\/p>\n","protected":false},"author":2,"featured_media":107808,"comment_status":"open","ping_status":"open","sticky":false,"template":"","format":"standard","meta":{"footnotes":"","_links_to":"","_links_to_target":""},"categories":[1],"tags":[],"class_list":["post-107807","post","type-post","status-publish","format-standard","has-post-thumbnail","hentry","category-geral"],"views":753,"_links":{"self":[{"href":"https:\/\/www.sudoestehoje.com.br\/novoportal\/wp-json\/wp\/v2\/posts\/107807","targetHints":{"allow":["GET"]}}],"collection":[{"href":"https:\/\/www.sudoestehoje.com.br\/novoportal\/wp-json\/wp\/v2\/posts"}],"about":[{"href":"https:\/\/www.sudoestehoje.com.br\/novoportal\/wp-json\/wp\/v2\/types\/post"}],"author":[{"embeddable":true,"href":"https:\/\/www.sudoestehoje.com.br\/novoportal\/wp-json\/wp\/v2\/users\/2"}],"replies":[{"embeddable":true,"href":"https:\/\/www.sudoestehoje.com.br\/novoportal\/wp-json\/wp\/v2\/comments?post=107807"}],"version-history":[{"count":1,"href":"https:\/\/www.sudoestehoje.com.br\/novoportal\/wp-json\/wp\/v2\/posts\/107807\/revisions"}],"predecessor-version":[{"id":107809,"href":"https:\/\/www.sudoestehoje.com.br\/novoportal\/wp-json\/wp\/v2\/posts\/107807\/revisions\/107809"}],"wp:featuredmedia":[{"embeddable":true,"href":"https:\/\/www.sudoestehoje.com.br\/novoportal\/wp-json\/wp\/v2\/media\/107808"}],"wp:attachment":[{"href":"https:\/\/www.sudoestehoje.com.br\/novoportal\/wp-json\/wp\/v2\/media?parent=107807"}],"wp:term":[{"taxonomy":"category","embeddable":true,"href":"https:\/\/www.sudoestehoje.com.br\/novoportal\/wp-json\/wp\/v2\/categories?post=107807"},{"taxonomy":"post_tag","embeddable":true,"href":"https:\/\/www.sudoestehoje.com.br\/novoportal\/wp-json\/wp\/v2\/tags?post=107807"}],"curies":[{"name":"wp","href":"https:\/\/api.w.org\/{rel}","templated":true}]}}