
{"id":107800,"date":"2023-02-14T08:11:33","date_gmt":"2023-02-14T11:11:33","guid":{"rendered":"https:\/\/www.sudoestehoje.com.br\/novoportal\/?p=107800"},"modified":"2023-02-14T09:59:32","modified_gmt":"2023-02-14T12:59:32","slug":"crianca-morre-apos-ser-atacado-por-cao-rottweiler-da-propria-familia-na-bahia","status":"publish","type":"post","link":"https:\/\/www.sudoestehoje.com.br\/novoportal\/2023\/02\/14\/crianca-morre-apos-ser-atacado-por-cao-rottweiler-da-propria-familia-na-bahia\/","title":{"rendered":"CRIAN\u00c7A MORRE AP\u00d3S SER ATACADO POR C\u00c3O ROTTWEILER DA PR\u00d3PRIA FAM\u00cdLIA NA BAHIA"},"content":{"rendered":"<div id=\"chunk-bdnij\">\n<div class=\"mc-column content-text active-extra-styles active-capital-letter\" data-block-type=\"unstyled\" data-block-weight=\"48\" data-block-id=\"2\">\n<p data-track-category=\"Link no Texto\" data-track-links=\"\"><a href=\"https:\/\/www.sudoestehoje.com.br\/novoportal\/wp-content\/uploads\/2023\/02\/g1-crianca-ataque-cachorro.webp\"><img loading=\"lazy\" decoding=\"async\" class=\"aligncenter size-medium wp-image-107802\" src=\"https:\/\/www.sudoestehoje.com.br\/novoportal\/wp-content\/uploads\/2023\/02\/g1-crianca-ataque-cachorro-500x327.webp\" alt=\"\" width=\"500\" height=\"327\" srcset=\"https:\/\/www.sudoestehoje.com.br\/novoportal\/wp-content\/uploads\/2023\/02\/g1-crianca-ataque-cachorro-500x327.webp 500w, https:\/\/www.sudoestehoje.com.br\/novoportal\/wp-content\/uploads\/2023\/02\/g1-crianca-ataque-cachorro-700x457.webp 700w, https:\/\/www.sudoestehoje.com.br\/novoportal\/wp-content\/uploads\/2023\/02\/g1-crianca-ataque-cachorro-768x502.webp 768w, https:\/\/www.sudoestehoje.com.br\/novoportal\/wp-content\/uploads\/2023\/02\/g1-crianca-ataque-cachorro.webp 984w\" sizes=\"auto, (max-width: 500px) 100vw, 500px\" \/><\/a><\/p>\n<p class=\"content-text__container theme-color-primary-first-letter\" data-track-category=\"Link no Texto\" data-track-links=\"\"><strong>Um menino de 3 anos morreu ap\u00f3s ser atacado por c\u00e3o da ra\u00e7a rottweiler, na cidade de\u00a0<a href=\"https:\/\/g1.globo.com\/ba\/bahia\/cidade\/teofilandia\/\">Teofil\u00e2ndia<\/a>, a cerca de 200 km de Salvador. O animal pertencia \u00e0 fam\u00edlia da crian\u00e7a. O caso aconteceu no domingo (12) e o corpo da v\u00edtima foi sepultado na segunda-feira (13).<\/strong><\/p>\n<\/div>\n<\/div>\n<div class=\"wall protected-content\">\n<div id=\"chunk-629nk\">\n<div class=\"mc-column content-text active-extra-styles \" data-block-type=\"unstyled\" data-block-weight=\"49\" data-block-id=\"3\">\n<p class=\"content-text__container \" data-track-category=\"Link no Texto\" data-track-links=\"\"><strong>O acidente aconteceu depois que a m\u00e3e do pequeno Arthur Felipe Oliveira foi at\u00e9 o quintal do im\u00f3vel para alimentar o animal, sem n\u00e3o perceber que crian\u00e7a a seguia. O cachorro se assustou com a presen\u00e7a do menino, conseguiu se soltar de onde estava preso, e atacou a crian\u00e7a.<\/strong><\/p>\n<p data-track-category=\"Link no Texto\" data-track-links=\"\"><a href=\"https:\/\/www.sudoestehoje.com.br\/novoportal\/wp-content\/uploads\/2023\/02\/g1-ataque-cachorro.webp\"><img loading=\"lazy\" decoding=\"async\" class=\"aligncenter size-medium wp-image-107803\" src=\"https:\/\/www.sudoestehoje.com.br\/novoportal\/wp-content\/uploads\/2023\/02\/g1-ataque-cachorro-500x370.webp\" alt=\"\" width=\"500\" height=\"370\" srcset=\"https:\/\/www.sudoestehoje.com.br\/novoportal\/wp-content\/uploads\/2023\/02\/g1-ataque-cachorro-500x370.webp 500w, https:\/\/www.sudoestehoje.com.br\/novoportal\/wp-content\/uploads\/2023\/02\/g1-ataque-cachorro-700x519.webp 700w, https:\/\/www.sudoestehoje.com.br\/novoportal\/wp-content\/uploads\/2023\/02\/g1-ataque-cachorro-768x569.webp 768w, https:\/\/www.sudoestehoje.com.br\/novoportal\/wp-content\/uploads\/2023\/02\/g1-ataque-cachorro.webp 984w\" sizes=\"auto, (max-width: 500px) 100vw, 500px\" \/><\/a><\/p>\n<div id=\"chunk-68pua\">\n<div class=\"mc-column content-text active-extra-styles \" data-block-type=\"unstyled\" data-block-weight=\"40\" data-block-id=\"7\">\n<p class=\"content-text__container \" data-track-category=\"Link no Texto\" data-track-links=\"\"><strong>Os homens conseguiram fazer com que o cachorro soltasse crian\u00e7a, mas o menino j\u00e1 estava sem vida. De acordo com a fam\u00edlia, o rottweiler tem sete anos. O c\u00e3o foi levado para um centro de animais em\u00a0<a href=\"https:\/\/g1.globo.com\/ba\/bahia\/cidade\/conceicao-do-coite\/\">Concei\u00e7\u00e3o do Coit\u00e9<\/a>.<\/strong><\/p>\n<\/div>\n<\/div>\n<div id=\"chunk-chrth\">\n<div class=\"mc-column content-text active-extra-styles \" data-block-type=\"unstyled\" data-block-weight=\"30\" data-block-id=\"8\">\n<p class=\"content-text__container \" data-track-category=\"Link no Texto\" data-track-links=\"\"><strong>O caso \u00e9 investigado pela Pol\u00edcia Civil e acompanhado pelo Minist\u00e9rio P\u00fablico da Bahia (MP-BA). A Prefeitura de Teofil\u00e2ndia emitiu uma nota de pesar pela morte de Arthur Felipe.<\/strong><\/p>\n<\/div>\n<\/div>\n<\/div>\n<\/div>\n<\/div>\n","protected":false},"excerpt":{"rendered":"<p>Um menino de 3 anos morreu ap\u00f3s ser atacado por c\u00e3o da ra\u00e7a rottweiler, na cidade de\u00a0Teofil\u00e2ndia, a cerca de 200 km de Salvador. O animal pertencia \u00e0 fam\u00edlia da crian\u00e7a. O caso aconteceu no domingo (12) e o corpo da v\u00edtima foi sepultado na segunda-feira (13). O acidente aconteceu depois que a m\u00e3e do [&hellip;]<\/p>\n","protected":false},"author":2,"featured_media":107802,"comment_status":"open","ping_status":"open","sticky":false,"template":"","format":"standard","meta":{"footnotes":"","_links_to":"","_links_to_target":""},"categories":[1],"tags":[],"class_list":["post-107800","post","type-post","status-publish","format-standard","has-post-thumbnail","hentry","category-geral"],"views":755,"_links":{"self":[{"href":"https:\/\/www.sudoestehoje.com.br\/novoportal\/wp-json\/wp\/v2\/posts\/107800","targetHints":{"allow":["GET"]}}],"collection":[{"href":"https:\/\/www.sudoestehoje.com.br\/novoportal\/wp-json\/wp\/v2\/posts"}],"about":[{"href":"https:\/\/www.sudoestehoje.com.br\/novoportal\/wp-json\/wp\/v2\/types\/post"}],"author":[{"embeddable":true,"href":"https:\/\/www.sudoestehoje.com.br\/novoportal\/wp-json\/wp\/v2\/users\/2"}],"replies":[{"embeddable":true,"href":"https:\/\/www.sudoestehoje.com.br\/novoportal\/wp-json\/wp\/v2\/comments?post=107800"}],"version-history":[{"count":3,"href":"https:\/\/www.sudoestehoje.com.br\/novoportal\/wp-json\/wp\/v2\/posts\/107800\/revisions"}],"predecessor-version":[{"id":107805,"href":"https:\/\/www.sudoestehoje.com.br\/novoportal\/wp-json\/wp\/v2\/posts\/107800\/revisions\/107805"}],"wp:featuredmedia":[{"embeddable":true,"href":"https:\/\/www.sudoestehoje.com.br\/novoportal\/wp-json\/wp\/v2\/media\/107802"}],"wp:attachment":[{"href":"https:\/\/www.sudoestehoje.com.br\/novoportal\/wp-json\/wp\/v2\/media?parent=107800"}],"wp:term":[{"taxonomy":"category","embeddable":true,"href":"https:\/\/www.sudoestehoje.com.br\/novoportal\/wp-json\/wp\/v2\/categories?post=107800"},{"taxonomy":"post_tag","embeddable":true,"href":"https:\/\/www.sudoestehoje.com.br\/novoportal\/wp-json\/wp\/v2\/tags?post=107800"}],"curies":[{"name":"wp","href":"https:\/\/api.w.org\/{rel}","templated":true}]}}