
{"id":107763,"date":"2023-02-12T20:09:18","date_gmt":"2023-02-12T23:09:18","guid":{"rendered":"https:\/\/www.sudoestehoje.com.br\/novoportal\/?p=107763"},"modified":"2023-02-12T20:36:37","modified_gmt":"2023-02-12T23:36:37","slug":"em-alta-itapetinga-registra-crescimento-recorde-na-geracao-de-empragos-em-2022","status":"publish","type":"post","link":"https:\/\/www.sudoestehoje.com.br\/novoportal\/2023\/02\/12\/em-alta-itapetinga-registra-crescimento-recorde-na-geracao-de-empragos-em-2022\/","title":{"rendered":"EM ALTA | ITAPETINGA REGISTRA CRESCIMENTO RECORDE NA GERA\u00c7\u00c3O DE EMPREGOS EM 2022"},"content":{"rendered":"<p><a href=\"https:\/\/www.sudoestehoje.com.br\/novoportal\/wp-content\/uploads\/2023\/02\/Itapetinga-720x405-1.jpg\"><img loading=\"lazy\" decoding=\"async\" class=\"aligncenter size-medium wp-image-107764\" src=\"https:\/\/www.sudoestehoje.com.br\/novoportal\/wp-content\/uploads\/2023\/02\/Itapetinga-720x405-1-500x281.jpg\" alt=\"\" width=\"500\" height=\"281\" srcset=\"https:\/\/www.sudoestehoje.com.br\/novoportal\/wp-content\/uploads\/2023\/02\/Itapetinga-720x405-1-500x281.jpg 500w, https:\/\/www.sudoestehoje.com.br\/novoportal\/wp-content\/uploads\/2023\/02\/Itapetinga-720x405-1-700x394.jpg 700w, https:\/\/www.sudoestehoje.com.br\/novoportal\/wp-content\/uploads\/2023\/02\/Itapetinga-720x405-1.jpg 720w\" sizes=\"auto, (max-width: 500px) 100vw, 500px\" \/><\/a><\/p>\n<p><strong>Itapetinga segue avan\u00e7ando na gera\u00e7\u00e3o de empregos, com destaque especial para a ind\u00fastria de transforma\u00e7\u00e3o, seguida do com\u00e9rcio, servi\u00e7os e constru\u00e7\u00e3o civil. Esse fato foi registrado por meio de dados levantados pelo Cadastro Geral de Empregados e Desempregados, do Governo Federal. Segundo o balan\u00e7o divulgado pelo CAGED, o munic\u00edpio fechou o ano de 2022 com um saldo positivo de quase 400 empregos, chegando a ter em torno de 3.000 contrata\u00e7\u00f5es no per\u00edodo.\u00a0<\/strong><\/p>\n<p class=\"western\" align=\"justify\"><strong>O crescimento segue a tend\u00eancia do ano anterior de retomada ap\u00f3s a terr\u00edvel pandemia da Covid-19, quando experimentamos situa\u00e7\u00f5es dif\u00edceis na economia, n\u00e3o s\u00f3 local mas em escala global \u2013 e vem na contram\u00e3o dos pr\u00f3prios \u00edndices estaduais. Tais resultados em muito se deve ao posicionamento respons\u00e1vel e afirmativo da administra\u00e7\u00e3o Rodrigo Hagge.<\/strong><\/p>\n<p class=\"western\" align=\"justify\"><strong>A atual gest\u00e3o municipal sempre entendeu que a empregabilidade \u00e9 essencial para que a popula\u00e7\u00e3o trilhe o caminho da prosperidade e da dignidade. A cada dia, enxergamos os esfor\u00e7os do prefeito Rodrigo Hagge para tornar Itapetinga um munic\u00edpio ainda mais atraente para as empresas que desejam aqui investir. <\/strong><\/p>\n<p class=\"western\" align=\"justify\"><strong>A \u201cCapital da Pecu\u00e1ria\u201d tem se mostrado uma cidade organizada, demonstrando confiabilidade, com excelente infraestrutura e comprometimento com as decis\u00f5es de progresso adotadas, fornecendo seguran\u00e7a ao empreendedor e retorno positivo.<\/strong><\/p>\n","protected":false},"excerpt":{"rendered":"<p>Itapetinga segue avan\u00e7ando na gera\u00e7\u00e3o de empregos, com destaque especial para a ind\u00fastria de transforma\u00e7\u00e3o, seguida do com\u00e9rcio, servi\u00e7os e constru\u00e7\u00e3o civil. Esse fato foi registrado por meio de dados levantados pelo Cadastro Geral de Empregados e Desempregados, do Governo Federal. Segundo o balan\u00e7o divulgado pelo CAGED, o munic\u00edpio fechou o ano de 2022 com [&hellip;]<\/p>\n","protected":false},"author":2,"featured_media":107764,"comment_status":"open","ping_status":"open","sticky":false,"template":"","format":"standard","meta":{"footnotes":"","_links_to":"","_links_to_target":""},"categories":[1],"tags":[],"class_list":["post-107763","post","type-post","status-publish","format-standard","has-post-thumbnail","hentry","category-geral"],"views":777,"_links":{"self":[{"href":"https:\/\/www.sudoestehoje.com.br\/novoportal\/wp-json\/wp\/v2\/posts\/107763","targetHints":{"allow":["GET"]}}],"collection":[{"href":"https:\/\/www.sudoestehoje.com.br\/novoportal\/wp-json\/wp\/v2\/posts"}],"about":[{"href":"https:\/\/www.sudoestehoje.com.br\/novoportal\/wp-json\/wp\/v2\/types\/post"}],"author":[{"embeddable":true,"href":"https:\/\/www.sudoestehoje.com.br\/novoportal\/wp-json\/wp\/v2\/users\/2"}],"replies":[{"embeddable":true,"href":"https:\/\/www.sudoestehoje.com.br\/novoportal\/wp-json\/wp\/v2\/comments?post=107763"}],"version-history":[{"count":3,"href":"https:\/\/www.sudoestehoje.com.br\/novoportal\/wp-json\/wp\/v2\/posts\/107763\/revisions"}],"predecessor-version":[{"id":107769,"href":"https:\/\/www.sudoestehoje.com.br\/novoportal\/wp-json\/wp\/v2\/posts\/107763\/revisions\/107769"}],"wp:featuredmedia":[{"embeddable":true,"href":"https:\/\/www.sudoestehoje.com.br\/novoportal\/wp-json\/wp\/v2\/media\/107764"}],"wp:attachment":[{"href":"https:\/\/www.sudoestehoje.com.br\/novoportal\/wp-json\/wp\/v2\/media?parent=107763"}],"wp:term":[{"taxonomy":"category","embeddable":true,"href":"https:\/\/www.sudoestehoje.com.br\/novoportal\/wp-json\/wp\/v2\/categories?post=107763"},{"taxonomy":"post_tag","embeddable":true,"href":"https:\/\/www.sudoestehoje.com.br\/novoportal\/wp-json\/wp\/v2\/tags?post=107763"}],"curies":[{"name":"wp","href":"https:\/\/api.w.org\/{rel}","templated":true}]}}