
{"id":107745,"date":"2023-02-10T19:16:58","date_gmt":"2023-02-10T22:16:58","guid":{"rendered":"https:\/\/www.sudoestehoje.com.br\/novoportal\/?p=107745"},"modified":"2023-02-12T20:10:31","modified_gmt":"2023-02-12T23:10:31","slug":"itapetinga-alta-nos-precos-de-alimentos-em-fevereiro-preocupa-consumidor","status":"publish","type":"post","link":"https:\/\/www.sudoestehoje.com.br\/novoportal\/2023\/02\/10\/itapetinga-alta-nos-precos-de-alimentos-em-fevereiro-preocupa-consumidor\/","title":{"rendered":"ITAPETINGA | ALTA NOS PRE\u00c7OS DE ALIMENTOS EM FEVEREIRO PREOCUPA CONSUMIDOR"},"content":{"rendered":"<p><a href=\"https:\/\/www.sudoestehoje.com.br\/novoportal\/wp-content\/uploads\/2023\/02\/WhatsApp-Image-2023-02-10-at-19.09.29.jpeg\"><img loading=\"lazy\" decoding=\"async\" class=\"aligncenter size-medium wp-image-107752\" src=\"https:\/\/www.sudoestehoje.com.br\/novoportal\/wp-content\/uploads\/2023\/02\/WhatsApp-Image-2023-02-10-at-19.09.29-500x282.jpeg\" alt=\"\" width=\"500\" height=\"282\" srcset=\"https:\/\/www.sudoestehoje.com.br\/novoportal\/wp-content\/uploads\/2023\/02\/WhatsApp-Image-2023-02-10-at-19.09.29-500x282.jpeg 500w, https:\/\/www.sudoestehoje.com.br\/novoportal\/wp-content\/uploads\/2023\/02\/WhatsApp-Image-2023-02-10-at-19.09.29-700x394.jpeg 700w, https:\/\/www.sudoestehoje.com.br\/novoportal\/wp-content\/uploads\/2023\/02\/WhatsApp-Image-2023-02-10-at-19.09.29-768x432.jpeg 768w, https:\/\/www.sudoestehoje.com.br\/novoportal\/wp-content\/uploads\/2023\/02\/WhatsApp-Image-2023-02-10-at-19.09.29-1536x865.jpeg 1536w, https:\/\/www.sudoestehoje.com.br\/novoportal\/wp-content\/uploads\/2023\/02\/WhatsApp-Image-2023-02-10-at-19.09.29.jpeg 1600w\" sizes=\"auto, (max-width: 500px) 100vw, 500px\" \/><\/a><\/p>\n<p><strong>Apesar de uma leve baixa no \u00edndice de infla\u00e7\u00e3o no m\u00eas de janeiro, os alimentos tiveram forte alta nos pre\u00e7os, em rela\u00e7\u00e3o a dezembro, afetando em cheio as camadas mais carentes da popula\u00e7\u00e3o. O fen\u00f4meno \u00e9 conhecido como &#8220;infla\u00e7\u00e3o dos pobres&#8221;, por atingir os itens mais consumidos pelo consumidor, mas que tem peso menor nos c\u00e1lculos da infla\u00e7\u00e3o.<\/strong><\/p>\n<p><strong>Numa r\u00e1pida pesquisa de pre\u00e7os realizada pelo site Sudoeste Hoje, nos dois maiores supermercados locais de Itapetinga, nesta sexta-feira (10), foi constado um aumento substancial nos pre\u00e7os de verduras, hortali\u00e7as, ovos, carnes e frutas, itens mais consumidos pela popula\u00e7\u00e3o.<\/strong><\/p>\n<p><strong>Feij\u00e3o, arroz, farinha e \u00f3leo de soja continuam com os pre\u00e7os elevados, embora estabilizados.<\/strong><\/p>\n<p><em><strong>Por Davi Ferraz<\/strong><\/em><\/p>\n","protected":false},"excerpt":{"rendered":"<p>Apesar de uma leve baixa no \u00edndice de infla\u00e7\u00e3o no m\u00eas de janeiro, os alimentos tiveram forte alta nos pre\u00e7os, em rela\u00e7\u00e3o a dezembro, afetando em cheio as camadas mais carentes da popula\u00e7\u00e3o. O fen\u00f4meno \u00e9 conhecido como &#8220;infla\u00e7\u00e3o dos pobres&#8221;, por atingir os itens mais consumidos pelo consumidor, mas que tem peso menor nos [&hellip;]<\/p>\n","protected":false},"author":2,"featured_media":107752,"comment_status":"open","ping_status":"open","sticky":false,"template":"","format":"standard","meta":{"footnotes":"","_links_to":"","_links_to_target":""},"categories":[1],"tags":[],"class_list":["post-107745","post","type-post","status-publish","format-standard","has-post-thumbnail","hentry","category-geral"],"views":882,"_links":{"self":[{"href":"https:\/\/www.sudoestehoje.com.br\/novoportal\/wp-json\/wp\/v2\/posts\/107745","targetHints":{"allow":["GET"]}}],"collection":[{"href":"https:\/\/www.sudoestehoje.com.br\/novoportal\/wp-json\/wp\/v2\/posts"}],"about":[{"href":"https:\/\/www.sudoestehoje.com.br\/novoportal\/wp-json\/wp\/v2\/types\/post"}],"author":[{"embeddable":true,"href":"https:\/\/www.sudoestehoje.com.br\/novoportal\/wp-json\/wp\/v2\/users\/2"}],"replies":[{"embeddable":true,"href":"https:\/\/www.sudoestehoje.com.br\/novoportal\/wp-json\/wp\/v2\/comments?post=107745"}],"version-history":[{"count":5,"href":"https:\/\/www.sudoestehoje.com.br\/novoportal\/wp-json\/wp\/v2\/posts\/107745\/revisions"}],"predecessor-version":[{"id":107768,"href":"https:\/\/www.sudoestehoje.com.br\/novoportal\/wp-json\/wp\/v2\/posts\/107745\/revisions\/107768"}],"wp:featuredmedia":[{"embeddable":true,"href":"https:\/\/www.sudoestehoje.com.br\/novoportal\/wp-json\/wp\/v2\/media\/107752"}],"wp:attachment":[{"href":"https:\/\/www.sudoestehoje.com.br\/novoportal\/wp-json\/wp\/v2\/media?parent=107745"}],"wp:term":[{"taxonomy":"category","embeddable":true,"href":"https:\/\/www.sudoestehoje.com.br\/novoportal\/wp-json\/wp\/v2\/categories?post=107745"},{"taxonomy":"post_tag","embeddable":true,"href":"https:\/\/www.sudoestehoje.com.br\/novoportal\/wp-json\/wp\/v2\/tags?post=107745"}],"curies":[{"name":"wp","href":"https:\/\/api.w.org\/{rel}","templated":true}]}}