
{"id":107740,"date":"2023-02-10T17:38:01","date_gmt":"2023-02-10T20:38:01","guid":{"rendered":"https:\/\/www.sudoestehoje.com.br\/novoportal\/?p=107740"},"modified":"2023-02-10T17:38:01","modified_gmt":"2023-02-10T20:38:01","slug":"mortos-no-terremoto-da-turquia-e-siria-ultrapassa-23-mil-e-pode-chegar-a-40-mil","status":"publish","type":"post","link":"https:\/\/www.sudoestehoje.com.br\/novoportal\/2023\/02\/10\/mortos-no-terremoto-da-turquia-e-siria-ultrapassa-23-mil-e-pode-chegar-a-40-mil\/","title":{"rendered":"MORTOS NO TERREMOTO DA TURQUIA E S\u00cdRIA ULTRAPASSA 23 MIL E PODE CHEGAR A 40 MIL"},"content":{"rendered":"<p><a href=\"https:\/\/www.sudoestehoje.com.br\/novoportal\/wp-content\/uploads\/2023\/02\/terremoto-siria-09022023135536250.jpeg\"><img loading=\"lazy\" decoding=\"async\" class=\"aligncenter size-medium wp-image-107742\" src=\"https:\/\/www.sudoestehoje.com.br\/novoportal\/wp-content\/uploads\/2023\/02\/terremoto-siria-09022023135536250-500x272.jpeg\" alt=\"\" width=\"500\" height=\"272\" srcset=\"https:\/\/www.sudoestehoje.com.br\/novoportal\/wp-content\/uploads\/2023\/02\/terremoto-siria-09022023135536250-500x272.jpeg 500w, https:\/\/www.sudoestehoje.com.br\/novoportal\/wp-content\/uploads\/2023\/02\/terremoto-siria-09022023135536250-700x381.jpeg 700w, https:\/\/www.sudoestehoje.com.br\/novoportal\/wp-content\/uploads\/2023\/02\/terremoto-siria-09022023135536250-768x418.jpeg 768w, https:\/\/www.sudoestehoje.com.br\/novoportal\/wp-content\/uploads\/2023\/02\/terremoto-siria-09022023135536250.jpeg 771w\" sizes=\"auto, (max-width: 500px) 100vw, 500px\" \/><\/a><\/p>\n<p><strong>O n\u00famero oficial de mortos por conta do terremoto na Turquia e na S\u00edria chegou a 23.075, segundo os balan\u00e7os fornecidos pelos governos. S\u00e3o 19.875 v\u00edtimas fatais no pa\u00eds do leste europeu e mais de 3.200 na S\u00edria. O terremoto de magnitude 7,8 ocorreu na madrugada de segunda-feira (6) no povoado de Kahramanmaras, no sudoeste da Turquia, perto da fronteira com a S\u00edria.<\/strong><\/p>\n<p><strong>Por conta dos tremores, mais de 70 mil pessoas ficaram feridas, e milhares ainda est\u00e3o desaparecidas nos dois pa\u00edses. A Organiza\u00e7\u00e3o Mundial da Sa\u00fade (OMS) estima que o n\u00famero de mortos em decorr\u00eancia do terremoto pode chegar a 40 mil.<\/strong><\/p>\n<p><strong>Segundo o G1, o avan\u00e7o das mortes tornou este terremoto o pior e mais mortal dos \u00faltimos 80 anos, superando outro tremor em territ\u00f3rio turco em 1999, que fez 17 mil mortos, e o s\u00e9timo mais mortal do mundo.<\/strong><\/p>\n<p><strong>O terremoto com maior registro de fatalidades foi no Haiti, em 2010, que causou a morte de mais de 316 mil pessoas.<\/strong><\/p>\n","protected":false},"excerpt":{"rendered":"<p>O n\u00famero oficial de mortos por conta do terremoto na Turquia e na S\u00edria chegou a 23.075, segundo os balan\u00e7os fornecidos pelos governos. S\u00e3o 19.875 v\u00edtimas fatais no pa\u00eds do leste europeu e mais de 3.200 na S\u00edria. O terremoto de magnitude 7,8 ocorreu na madrugada de segunda-feira (6) no povoado de Kahramanmaras, no sudoeste [&hellip;]<\/p>\n","protected":false},"author":2,"featured_media":107742,"comment_status":"open","ping_status":"open","sticky":false,"template":"","format":"standard","meta":{"footnotes":"","_links_to":"","_links_to_target":""},"categories":[1],"tags":[],"class_list":["post-107740","post","type-post","status-publish","format-standard","has-post-thumbnail","hentry","category-geral"],"views":598,"_links":{"self":[{"href":"https:\/\/www.sudoestehoje.com.br\/novoportal\/wp-json\/wp\/v2\/posts\/107740","targetHints":{"allow":["GET"]}}],"collection":[{"href":"https:\/\/www.sudoestehoje.com.br\/novoportal\/wp-json\/wp\/v2\/posts"}],"about":[{"href":"https:\/\/www.sudoestehoje.com.br\/novoportal\/wp-json\/wp\/v2\/types\/post"}],"author":[{"embeddable":true,"href":"https:\/\/www.sudoestehoje.com.br\/novoportal\/wp-json\/wp\/v2\/users\/2"}],"replies":[{"embeddable":true,"href":"https:\/\/www.sudoestehoje.com.br\/novoportal\/wp-json\/wp\/v2\/comments?post=107740"}],"version-history":[{"count":2,"href":"https:\/\/www.sudoestehoje.com.br\/novoportal\/wp-json\/wp\/v2\/posts\/107740\/revisions"}],"predecessor-version":[{"id":107744,"href":"https:\/\/www.sudoestehoje.com.br\/novoportal\/wp-json\/wp\/v2\/posts\/107740\/revisions\/107744"}],"wp:featuredmedia":[{"embeddable":true,"href":"https:\/\/www.sudoestehoje.com.br\/novoportal\/wp-json\/wp\/v2\/media\/107742"}],"wp:attachment":[{"href":"https:\/\/www.sudoestehoje.com.br\/novoportal\/wp-json\/wp\/v2\/media?parent=107740"}],"wp:term":[{"taxonomy":"category","embeddable":true,"href":"https:\/\/www.sudoestehoje.com.br\/novoportal\/wp-json\/wp\/v2\/categories?post=107740"},{"taxonomy":"post_tag","embeddable":true,"href":"https:\/\/www.sudoestehoje.com.br\/novoportal\/wp-json\/wp\/v2\/tags?post=107740"}],"curies":[{"name":"wp","href":"https:\/\/api.w.org\/{rel}","templated":true}]}}