
{"id":107730,"date":"2023-02-09T22:14:29","date_gmt":"2023-02-10T01:14:29","guid":{"rendered":"https:\/\/www.sudoestehoje.com.br\/novoportal\/?p=107730"},"modified":"2023-02-10T00:26:15","modified_gmt":"2023-02-10T03:26:15","slug":"regiao-coopardo-investe-e-inova-na-producao-de-racoes-para-equideos","status":"publish","type":"post","link":"https:\/\/www.sudoestehoje.com.br\/novoportal\/2023\/02\/09\/regiao-coopardo-investe-e-inova-na-producao-de-racoes-para-equideos\/","title":{"rendered":"REGI\u00c3O | COOPARDO INVESTE E INOVA NA PRODU\u00c7\u00c3O DE RA\u00c7\u00d5ES PARA EQU\u00cdDEOS"},"content":{"rendered":"<p><a href=\"https:\/\/www.sudoestehoje.com.br\/novoportal\/wp-content\/uploads\/2023\/02\/WhatsApp-Image-2023-02-09-at-21.00.55.jpeg\"><img loading=\"lazy\" decoding=\"async\" class=\"aligncenter size-medium wp-image-107731\" src=\"https:\/\/www.sudoestehoje.com.br\/novoportal\/wp-content\/uploads\/2023\/02\/WhatsApp-Image-2023-02-09-at-21.00.55-500x375.jpeg\" alt=\"\" width=\"500\" height=\"375\" srcset=\"https:\/\/www.sudoestehoje.com.br\/novoportal\/wp-content\/uploads\/2023\/02\/WhatsApp-Image-2023-02-09-at-21.00.55-500x375.jpeg 500w, https:\/\/www.sudoestehoje.com.br\/novoportal\/wp-content\/uploads\/2023\/02\/WhatsApp-Image-2023-02-09-at-21.00.55-700x525.jpeg 700w, https:\/\/www.sudoestehoje.com.br\/novoportal\/wp-content\/uploads\/2023\/02\/WhatsApp-Image-2023-02-09-at-21.00.55-768x576.jpeg 768w, https:\/\/www.sudoestehoje.com.br\/novoportal\/wp-content\/uploads\/2023\/02\/WhatsApp-Image-2023-02-09-at-21.00.55-1536x1152.jpeg 1536w, https:\/\/www.sudoestehoje.com.br\/novoportal\/wp-content\/uploads\/2023\/02\/WhatsApp-Image-2023-02-09-at-21.00.55.jpeg 1600w\" sizes=\"auto, (max-width: 500px) 100vw, 500px\" \/><\/a><\/p>\n<p>Preocupada com o setor de equ\u00eddeos regional, a Cooperativa Mista do M\u00e9dio Rio Pardo &#8211; COOPARDO, vem inovando com sua nova sacaria e melhoria da performance das ra\u00e7\u00f5es, para satisfazer a demanda dos cooperados e criadores da esp\u00e9cie.<\/p>\n<p>Em visita a Fazenda Vencedora 2 \/ Haras VF, em Itoror\u00f3, de propriedade criador de QM Ant\u00f4nio Freitas Junior, criador de QM em parceria com a Coopardo, o diretor presidente Alex Coelho e equipe puderam constatar<em> in loco<\/em> o bom trabalho desenvolvido pelo criador.<\/p>\n<p>Vale salientar que a Coopardo \u00e9 fabricante de ra\u00e7\u00f5es de alta qualidade para equ\u00eddeos, atuando com muita for\u00e7a no mercado regional. <strong><em>\/\/ Por Davi Ferraz<\/em><\/strong><\/p>\n\n\t\t<style type=\"text\/css\">\n\t\t\t#gallery-1 {\n\t\t\t\tmargin: auto;\n\t\t\t}\n\t\t\t#gallery-1 .gallery-item {\n\t\t\t\tfloat: left;\n\t\t\t\tmargin-top: 10px;\n\t\t\t\ttext-align: center;\n\t\t\t\twidth: 33%;\n\t\t\t}\n\t\t\t#gallery-1 img {\n\t\t\t\tborder: 2px solid #cfcfcf;\n\t\t\t}\n\t\t\t#gallery-1 .gallery-caption {\n\t\t\t\tmargin-left: 0;\n\t\t\t}\n\t\t\t\/* see gallery_shortcode() in wp-includes\/media.php *\/\n\t\t<\/style>\n\t\t<div id='gallery-1' class='gallery galleryid-107730 gallery-columns-3 gallery-size-thumbnail'><dl class='gallery-item'>\n\t\t\t<dt class='gallery-icon landscape'>\n\t\t\t\t<a href='https:\/\/www.sudoestehoje.com.br\/novoportal\/2023\/02\/09\/regiao-coopardo-investe-e-inova-na-producao-de-racoes-para-equideos\/whatsapp-image-2023-02-09-at-21-00-57-1\/'><img loading=\"lazy\" decoding=\"async\" width=\"150\" height=\"150\" src=\"https:\/\/www.sudoestehoje.com.br\/novoportal\/wp-content\/uploads\/2023\/02\/WhatsApp-Image-2023-02-09-at-21.00.57-1-150x150.jpeg\" class=\"attachment-thumbnail size-thumbnail\" alt=\"\" \/><\/a>\n\t\t\t<\/dt><\/dl><dl class='gallery-item'>\n\t\t\t<dt class='gallery-icon landscape'>\n\t\t\t\t<a href='https:\/\/www.sudoestehoje.com.br\/novoportal\/2023\/02\/09\/regiao-coopardo-investe-e-inova-na-producao-de-racoes-para-equideos\/whatsapp-image-2023-02-09-at-21-00-56\/'><img loading=\"lazy\" decoding=\"async\" width=\"150\" height=\"150\" src=\"https:\/\/www.sudoestehoje.com.br\/novoportal\/wp-content\/uploads\/2023\/02\/WhatsApp-Image-2023-02-09-at-21.00.56-150x150.jpeg\" class=\"attachment-thumbnail size-thumbnail\" alt=\"\" \/><\/a>\n\t\t\t<\/dt><\/dl><dl class='gallery-item'>\n\t\t\t<dt class='gallery-icon portrait'>\n\t\t\t\t<a href='https:\/\/www.sudoestehoje.com.br\/novoportal\/2023\/02\/09\/regiao-coopardo-investe-e-inova-na-producao-de-racoes-para-equideos\/whatsapp-image-2023-02-09-at-21-00-56-2\/'><img loading=\"lazy\" decoding=\"async\" width=\"150\" height=\"150\" src=\"https:\/\/www.sudoestehoje.com.br\/novoportal\/wp-content\/uploads\/2023\/02\/WhatsApp-Image-2023-02-09-at-21.00.56-2-150x150.jpeg\" class=\"attachment-thumbnail size-thumbnail\" alt=\"\" \/><\/a>\n\t\t\t<\/dt><\/dl><br style=\"clear: both\" \/><dl class='gallery-item'>\n\t\t\t<dt class='gallery-icon landscape'>\n\t\t\t\t<a href='https:\/\/www.sudoestehoje.com.br\/novoportal\/2023\/02\/09\/regiao-coopardo-investe-e-inova-na-producao-de-racoes-para-equideos\/whatsapp-image-2023-02-09-at-21-00-56-1\/'><img loading=\"lazy\" decoding=\"async\" width=\"150\" height=\"150\" src=\"https:\/\/www.sudoestehoje.com.br\/novoportal\/wp-content\/uploads\/2023\/02\/WhatsApp-Image-2023-02-09-at-21.00.56-1-150x150.jpeg\" class=\"attachment-thumbnail size-thumbnail\" alt=\"\" \/><\/a>\n\t\t\t<\/dt><\/dl><dl class='gallery-item'>\n\t\t\t<dt class='gallery-icon landscape'>\n\t\t\t\t<a href='https:\/\/www.sudoestehoje.com.br\/novoportal\/2023\/02\/09\/regiao-coopardo-investe-e-inova-na-producao-de-racoes-para-equideos\/whatsapp-image-2023-02-09-at-21-00-57\/'><img loading=\"lazy\" decoding=\"async\" width=\"150\" height=\"150\" src=\"https:\/\/www.sudoestehoje.com.br\/novoportal\/wp-content\/uploads\/2023\/02\/WhatsApp-Image-2023-02-09-at-21.00.57-150x150.jpeg\" class=\"attachment-thumbnail size-thumbnail\" alt=\"\" \/><\/a>\n\t\t\t<\/dt><\/dl><dl class='gallery-item'>\n\t\t\t<dt class='gallery-icon landscape'>\n\t\t\t\t<a href='https:\/\/www.sudoestehoje.com.br\/novoportal\/2023\/02\/09\/regiao-coopardo-investe-e-inova-na-producao-de-racoes-para-equideos\/whatsapp-image-2023-02-09-at-21-00-55\/'><img loading=\"lazy\" decoding=\"async\" width=\"150\" height=\"150\" src=\"https:\/\/www.sudoestehoje.com.br\/novoportal\/wp-content\/uploads\/2023\/02\/WhatsApp-Image-2023-02-09-at-21.00.55-150x150.jpeg\" class=\"attachment-thumbnail size-thumbnail\" alt=\"\" \/><\/a>\n\t\t\t<\/dt><\/dl><br style=\"clear: both\" \/>\n\t\t<\/div>\n\n","protected":false},"excerpt":{"rendered":"<p>Preocupada com o setor de equ\u00eddeos regional, a Cooperativa Mista do M\u00e9dio Rio Pardo &#8211; COOPARDO, vem inovando com sua nova sacaria e melhoria da performance das ra\u00e7\u00f5es, para satisfazer a demanda dos cooperados e criadores da esp\u00e9cie. Em visita a Fazenda Vencedora 2 \/ Haras VF, em Itoror\u00f3, de propriedade criador de QM Ant\u00f4nio [&hellip;]<\/p>\n","protected":false},"author":2,"featured_media":107731,"comment_status":"open","ping_status":"open","sticky":false,"template":"","format":"standard","meta":{"footnotes":"","_links_to":"","_links_to_target":""},"categories":[1],"tags":[],"class_list":["post-107730","post","type-post","status-publish","format-standard","has-post-thumbnail","hentry","category-geral"],"views":795,"_links":{"self":[{"href":"https:\/\/www.sudoestehoje.com.br\/novoportal\/wp-json\/wp\/v2\/posts\/107730","targetHints":{"allow":["GET"]}}],"collection":[{"href":"https:\/\/www.sudoestehoje.com.br\/novoportal\/wp-json\/wp\/v2\/posts"}],"about":[{"href":"https:\/\/www.sudoestehoje.com.br\/novoportal\/wp-json\/wp\/v2\/types\/post"}],"author":[{"embeddable":true,"href":"https:\/\/www.sudoestehoje.com.br\/novoportal\/wp-json\/wp\/v2\/users\/2"}],"replies":[{"embeddable":true,"href":"https:\/\/www.sudoestehoje.com.br\/novoportal\/wp-json\/wp\/v2\/comments?post=107730"}],"version-history":[{"count":2,"href":"https:\/\/www.sudoestehoje.com.br\/novoportal\/wp-json\/wp\/v2\/posts\/107730\/revisions"}],"predecessor-version":[{"id":107738,"href":"https:\/\/www.sudoestehoje.com.br\/novoportal\/wp-json\/wp\/v2\/posts\/107730\/revisions\/107738"}],"wp:featuredmedia":[{"embeddable":true,"href":"https:\/\/www.sudoestehoje.com.br\/novoportal\/wp-json\/wp\/v2\/media\/107731"}],"wp:attachment":[{"href":"https:\/\/www.sudoestehoje.com.br\/novoportal\/wp-json\/wp\/v2\/media?parent=107730"}],"wp:term":[{"taxonomy":"category","embeddable":true,"href":"https:\/\/www.sudoestehoje.com.br\/novoportal\/wp-json\/wp\/v2\/categories?post=107730"},{"taxonomy":"post_tag","embeddable":true,"href":"https:\/\/www.sudoestehoje.com.br\/novoportal\/wp-json\/wp\/v2\/tags?post=107730"}],"curies":[{"name":"wp","href":"https:\/\/api.w.org\/{rel}","templated":true}]}}