
{"id":107711,"date":"2023-02-09T08:00:48","date_gmt":"2023-02-09T11:00:48","guid":{"rendered":"https:\/\/www.sudoestehoje.com.br\/novoportal\/?p=107711"},"modified":"2023-02-09T08:00:48","modified_gmt":"2023-02-09T11:00:48","slug":"escolhido-como-titular-de-3-comissoes-pedro-tavares-garante-atuacao-em-prol-de-avancos-no-estado","status":"publish","type":"post","link":"https:\/\/www.sudoestehoje.com.br\/novoportal\/2023\/02\/09\/escolhido-como-titular-de-3-comissoes-pedro-tavares-garante-atuacao-em-prol-de-avancos-no-estado\/","title":{"rendered":"ESCOLHIDO COMO TITULAR DE 3 COMISS\u00d5ES, PEDRO TAVARES GARANTE ATUA\u00c7\u00c3O EM PROL DE AVAN\u00c7OS NO ESTADO"},"content":{"rendered":"<p><a href=\"https:\/\/www.sudoestehoje.com.br\/novoportal\/wp-content\/uploads\/2023\/02\/WhatsApp-Image-2023-02-09-at-07.36.36.jpeg\"><img loading=\"lazy\" decoding=\"async\" class=\"aligncenter size-medium wp-image-107713\" src=\"https:\/\/www.sudoestehoje.com.br\/novoportal\/wp-content\/uploads\/2023\/02\/WhatsApp-Image-2023-02-09-at-07.36.36-500x379.jpeg\" alt=\"\" width=\"500\" height=\"379\" srcset=\"https:\/\/www.sudoestehoje.com.br\/novoportal\/wp-content\/uploads\/2023\/02\/WhatsApp-Image-2023-02-09-at-07.36.36-500x379.jpeg 500w, https:\/\/www.sudoestehoje.com.br\/novoportal\/wp-content\/uploads\/2023\/02\/WhatsApp-Image-2023-02-09-at-07.36.36-700x531.jpeg 700w, https:\/\/www.sudoestehoje.com.br\/novoportal\/wp-content\/uploads\/2023\/02\/WhatsApp-Image-2023-02-09-at-07.36.36-768x582.jpeg 768w, https:\/\/www.sudoestehoje.com.br\/novoportal\/wp-content\/uploads\/2023\/02\/WhatsApp-Image-2023-02-09-at-07.36.36-1536x1164.jpeg 1536w, https:\/\/www.sudoestehoje.com.br\/novoportal\/wp-content\/uploads\/2023\/02\/WhatsApp-Image-2023-02-09-at-07.36.36.jpeg 1600w\" sizes=\"auto, (max-width: 500px) 100vw, 500px\" \/><\/a><\/p>\n<p><strong>Na finaliza\u00e7\u00e3o da montagem das comiss\u00f5es permanentes da Assembleia Legislativa da Bahia, o deputado estadual Pedro Tavares (Uni\u00e3o Brasil) foi indicado membro de tr\u00eas comiss\u00f5es que representam algumas de suas bandeiras. O parlamentar ser\u00e1 o vice-presidente da Comiss\u00e3o de Infraestrutura, Desenvolvimento Econ\u00f4mico e Turismo e tamb\u00e9m titular de Defesa do Consumidor e do colegiado de Divis\u00e3o Territorial. Tavares ressaltou que ir\u00e1 atuar em prol dos avan\u00e7os nessas \u201c\u00e1reas importantes\u201d para o estado.<\/strong><\/p>\n<p><strong>O deputado enfatizou a necessidade de a infraestrutura passar por melhorias para que o desenvolvimento econ\u00f4mico chegue \u00e0s regi\u00f5es, al\u00e9m de fazer progredir o turismo no estado. \u201c\u00c9 fundamental que tenhamos uma infraestrutura de qualidade, que tenhamos boas estradas para que ocorra o desenvolvimento econ\u00f4mico e tamb\u00e9m para que haja melhores condi\u00e7\u00f5es no acesso aos destinos tur\u00edsticos. Vamos continuar debatendo as quest\u00f5es desta Comiss\u00e3o com a mesma garra e vontade, sempre na luta para vermos o nosso estado crescer\u201d, afirmou, numa refer\u00eancia \u00e0 Comiss\u00e3o de Infraestrutura, Desenvolvimento Econ\u00f4mico e Turismo.<\/strong><\/p>\n<p><strong>O parlamentar tamb\u00e9m vai acompanhar mais de perto as pautas da Defesa do Consumidor, da Divis\u00e3o Territorial e ainda as de Agricultura, pela qual ele foi nomeado como suplente.<\/strong><\/p>\n","protected":false},"excerpt":{"rendered":"<p>Na finaliza\u00e7\u00e3o da montagem das comiss\u00f5es permanentes da Assembleia Legislativa da Bahia, o deputado estadual Pedro Tavares (Uni\u00e3o Brasil) foi indicado membro de tr\u00eas comiss\u00f5es que representam algumas de suas bandeiras. O parlamentar ser\u00e1 o vice-presidente da Comiss\u00e3o de Infraestrutura, Desenvolvimento Econ\u00f4mico e Turismo e tamb\u00e9m titular de Defesa do Consumidor e do colegiado de [&hellip;]<\/p>\n","protected":false},"author":2,"featured_media":107713,"comment_status":"open","ping_status":"open","sticky":false,"template":"","format":"standard","meta":{"footnotes":"","_links_to":"","_links_to_target":""},"categories":[1],"tags":[],"class_list":["post-107711","post","type-post","status-publish","format-standard","has-post-thumbnail","hentry","category-geral"],"views":647,"_links":{"self":[{"href":"https:\/\/www.sudoestehoje.com.br\/novoportal\/wp-json\/wp\/v2\/posts\/107711","targetHints":{"allow":["GET"]}}],"collection":[{"href":"https:\/\/www.sudoestehoje.com.br\/novoportal\/wp-json\/wp\/v2\/posts"}],"about":[{"href":"https:\/\/www.sudoestehoje.com.br\/novoportal\/wp-json\/wp\/v2\/types\/post"}],"author":[{"embeddable":true,"href":"https:\/\/www.sudoestehoje.com.br\/novoportal\/wp-json\/wp\/v2\/users\/2"}],"replies":[{"embeddable":true,"href":"https:\/\/www.sudoestehoje.com.br\/novoportal\/wp-json\/wp\/v2\/comments?post=107711"}],"version-history":[{"count":2,"href":"https:\/\/www.sudoestehoje.com.br\/novoportal\/wp-json\/wp\/v2\/posts\/107711\/revisions"}],"predecessor-version":[{"id":107714,"href":"https:\/\/www.sudoestehoje.com.br\/novoportal\/wp-json\/wp\/v2\/posts\/107711\/revisions\/107714"}],"wp:featuredmedia":[{"embeddable":true,"href":"https:\/\/www.sudoestehoje.com.br\/novoportal\/wp-json\/wp\/v2\/media\/107713"}],"wp:attachment":[{"href":"https:\/\/www.sudoestehoje.com.br\/novoportal\/wp-json\/wp\/v2\/media?parent=107711"}],"wp:term":[{"taxonomy":"category","embeddable":true,"href":"https:\/\/www.sudoestehoje.com.br\/novoportal\/wp-json\/wp\/v2\/categories?post=107711"},{"taxonomy":"post_tag","embeddable":true,"href":"https:\/\/www.sudoestehoje.com.br\/novoportal\/wp-json\/wp\/v2\/tags?post=107711"}],"curies":[{"name":"wp","href":"https:\/\/api.w.org\/{rel}","templated":true}]}}