
{"id":107705,"date":"2023-02-09T07:46:59","date_gmt":"2023-02-09T10:46:59","guid":{"rendered":"https:\/\/www.sudoestehoje.com.br\/novoportal\/?p=107705"},"modified":"2023-02-09T07:46:59","modified_gmt":"2023-02-09T10:46:59","slug":"politica-baiana-rui-costa-atropela-base-e-enfia-esposa-goela-abaixo-para-o-tcm-votacao-sera-na-terca","status":"publish","type":"post","link":"https:\/\/www.sudoestehoje.com.br\/novoportal\/2023\/02\/09\/politica-baiana-rui-costa-atropela-base-e-enfia-esposa-goela-abaixo-para-o-tcm-votacao-sera-na-terca\/","title":{"rendered":"POL\u00cdTICA BAIANA | RUI COSTA ATROPELA BASE E ENFIA ESPOSA &#8216;GOELA ABAIXO&#8217; PARA O TCM; VOTA\u00c7\u00c3O SER\u00c1 NA TER\u00c7A"},"content":{"rendered":"<p><a href=\"https:\/\/www.sudoestehoje.com.br\/novoportal\/wp-content\/uploads\/2023\/02\/rui-costa-e-mulher-1024x682-1.jpg\"><img loading=\"lazy\" decoding=\"async\" class=\"aligncenter size-medium wp-image-107709\" src=\"https:\/\/www.sudoestehoje.com.br\/novoportal\/wp-content\/uploads\/2023\/02\/rui-costa-e-mulher-1024x682-1-500x333.jpg\" alt=\"\" width=\"500\" height=\"333\" srcset=\"https:\/\/www.sudoestehoje.com.br\/novoportal\/wp-content\/uploads\/2023\/02\/rui-costa-e-mulher-1024x682-1-500x333.jpg 500w, https:\/\/www.sudoestehoje.com.br\/novoportal\/wp-content\/uploads\/2023\/02\/rui-costa-e-mulher-1024x682-1-700x466.jpg 700w, https:\/\/www.sudoestehoje.com.br\/novoportal\/wp-content\/uploads\/2023\/02\/rui-costa-e-mulher-1024x682-1-768x512.jpg 768w, https:\/\/www.sudoestehoje.com.br\/novoportal\/wp-content\/uploads\/2023\/02\/rui-costa-e-mulher-1024x682-1.jpg 1024w\" sizes=\"auto, (max-width: 500px) 100vw, 500px\" \/><\/a><\/p>\n<p><strong>Deputados da base do governo na Assembleia Legislativa da Bahia (AL-BA) foram avisados: a vota\u00e7\u00e3o que definir\u00e1 o novo indicado da Casa para o Tribunal de Contas dos Munic\u00edpios (TCM) ser\u00e1 marcada para a pr\u00f3xima ter\u00e7a-feira (14), na \u00faltima sess\u00e3o do plen\u00e1rio antes do Carnaval. A informa\u00e7\u00e3o foi dada inicialmente pela Folha de S. Paulo e confirmada pelo <em>Bahia Not\u00edcias<\/em> junto a parlamentares governistas.<\/strong><\/p>\n<p><strong>GOELA ABAIXO<\/strong><\/p>\n<p><strong>A enfermeira Aline Peixoto \u2013 esposa do ministro da Casa Civil, Rui Costa (PT) \u2013 ser\u00e1 o nome &#8216;defendido&#8217; pela base do governo. A indica\u00e7\u00e3o da ex-primeira-dama do estado chegou a gerar desconforto dentro do PT e no seio da bancada governista da AL-BA, mas j\u00e1 se chegou \u00e0 conclus\u00e3o de que o inc\u00f4modo n\u00e3o ser\u00e1 exposto publicamente. O nome<\/strong><\/p>\n<p><strong>FABRICIO E NILO N\u00c3O EMPLACAM<\/strong><\/p>\n<p><strong>Inicialmente, a bancada da maioria na AL-BA planejava indicar o deputado estadual Fabr\u00edcio Falc\u00e3o (PCdoB), que j\u00e1 afirmou diversas vezes desejar a cadeira no TCM. A escolha pelo comunista abriria uma vaga no legislativo baiano para um quadro hist\u00f3rico da esquerda baiana, o hoje suplente Marcelino Galo (PT). Outro pretendente \u00e9 o ex-deputado Marcelo Nilo, que acabou ficando sem apoio substancial. N\u00e3o tem votos.<\/strong><\/p>\n<p><strong>WAGNER E OTTO DESCONFORT\u00c1VEIS<\/strong><\/p>\n<p><strong>Apesar de n\u00e3o se manifestarem publicamente nesse sentido, os senadores Otto Alencar (PSD) e Jaques Wagner (PT) j\u00e1 disseram nos bastidores estarem desconfort\u00e1vel\u00a0com a indica\u00e7\u00e3o. Ambos, entretanto, decidiram n\u00e3o confrontar a decis\u00e3o do aliado Rui Costa.<\/strong><\/p>\n","protected":false},"excerpt":{"rendered":"<p>Deputados da base do governo na Assembleia Legislativa da Bahia (AL-BA) foram avisados: a vota\u00e7\u00e3o que definir\u00e1 o novo indicado da Casa para o Tribunal de Contas dos Munic\u00edpios (TCM) ser\u00e1 marcada para a pr\u00f3xima ter\u00e7a-feira (14), na \u00faltima sess\u00e3o do plen\u00e1rio antes do Carnaval. A informa\u00e7\u00e3o foi dada inicialmente pela Folha de S. Paulo [&hellip;]<\/p>\n","protected":false},"author":2,"featured_media":107709,"comment_status":"open","ping_status":"open","sticky":false,"template":"","format":"standard","meta":{"footnotes":"","_links_to":"","_links_to_target":""},"categories":[1],"tags":[],"class_list":["post-107705","post","type-post","status-publish","format-standard","has-post-thumbnail","hentry","category-geral"],"views":667,"_links":{"self":[{"href":"https:\/\/www.sudoestehoje.com.br\/novoportal\/wp-json\/wp\/v2\/posts\/107705","targetHints":{"allow":["GET"]}}],"collection":[{"href":"https:\/\/www.sudoestehoje.com.br\/novoportal\/wp-json\/wp\/v2\/posts"}],"about":[{"href":"https:\/\/www.sudoestehoje.com.br\/novoportal\/wp-json\/wp\/v2\/types\/post"}],"author":[{"embeddable":true,"href":"https:\/\/www.sudoestehoje.com.br\/novoportal\/wp-json\/wp\/v2\/users\/2"}],"replies":[{"embeddable":true,"href":"https:\/\/www.sudoestehoje.com.br\/novoportal\/wp-json\/wp\/v2\/comments?post=107705"}],"version-history":[{"count":4,"href":"https:\/\/www.sudoestehoje.com.br\/novoportal\/wp-json\/wp\/v2\/posts\/107705\/revisions"}],"predecessor-version":[{"id":107710,"href":"https:\/\/www.sudoestehoje.com.br\/novoportal\/wp-json\/wp\/v2\/posts\/107705\/revisions\/107710"}],"wp:featuredmedia":[{"embeddable":true,"href":"https:\/\/www.sudoestehoje.com.br\/novoportal\/wp-json\/wp\/v2\/media\/107709"}],"wp:attachment":[{"href":"https:\/\/www.sudoestehoje.com.br\/novoportal\/wp-json\/wp\/v2\/media?parent=107705"}],"wp:term":[{"taxonomy":"category","embeddable":true,"href":"https:\/\/www.sudoestehoje.com.br\/novoportal\/wp-json\/wp\/v2\/categories?post=107705"},{"taxonomy":"post_tag","embeddable":true,"href":"https:\/\/www.sudoestehoje.com.br\/novoportal\/wp-json\/wp\/v2\/tags?post=107705"}],"curies":[{"name":"wp","href":"https:\/\/api.w.org\/{rel}","templated":true}]}}