
{"id":107692,"date":"2023-02-09T07:01:40","date_gmt":"2023-02-09T10:01:40","guid":{"rendered":"https:\/\/www.sudoestehoje.com.br\/novoportal\/?p=107692"},"modified":"2023-02-09T07:23:20","modified_gmt":"2023-02-09T10:23:20","slug":"itapetinga-prefeitura-realizara-audiencia-publica-para-prestacao-de-contas-do-3o-quadrimestre-de-2022","status":"publish","type":"post","link":"https:\/\/www.sudoestehoje.com.br\/novoportal\/2023\/02\/09\/itapetinga-prefeitura-realizara-audiencia-publica-para-prestacao-de-contas-do-3o-quadrimestre-de-2022\/","title":{"rendered":"ITAPETINGA | PREFEITURA REALIZAR\u00c1 AUDI\u00caNCIA P\u00daBLICA PARA PRESTA\u00c7\u00c3O DE CONTAS DO 3\u00ba QUADRIMESTRE DE 2022"},"content":{"rendered":"<p><a href=\"https:\/\/www.sudoestehoje.com.br\/novoportal\/wp-content\/uploads\/2023\/02\/audiencia-990x619-1.jpg\"><img loading=\"lazy\" decoding=\"async\" class=\"aligncenter size-medium wp-image-107694\" src=\"https:\/\/www.sudoestehoje.com.br\/novoportal\/wp-content\/uploads\/2023\/02\/audiencia-990x619-1-500x313.jpg\" alt=\"\" width=\"500\" height=\"313\" srcset=\"https:\/\/www.sudoestehoje.com.br\/novoportal\/wp-content\/uploads\/2023\/02\/audiencia-990x619-1-500x313.jpg 500w, https:\/\/www.sudoestehoje.com.br\/novoportal\/wp-content\/uploads\/2023\/02\/audiencia-990x619-1-700x438.jpg 700w, https:\/\/www.sudoestehoje.com.br\/novoportal\/wp-content\/uploads\/2023\/02\/audiencia-990x619-1-768x480.jpg 768w, https:\/\/www.sudoestehoje.com.br\/novoportal\/wp-content\/uploads\/2023\/02\/audiencia-990x619-1.jpg 990w\" sizes=\"auto, (max-width: 500px) 100vw, 500px\" \/><\/a><\/p>\n<p><strong>A prefeitura de Itapetinga segue buscando fazer servi\u00e7o p\u00fablico com transpar\u00eancia e responsabilidade. Por isso, na pr\u00f3xima quarta-feira, 15, \u00e0s 9h, na C\u00e2mara de Vereadores, a secretaria de finan\u00e7as realizar\u00e1 uma audi\u00eancia p\u00fablica para demonstrar e avaliar o cumprimento das metas fiscais do terceiro quadrimestre de 2022.<\/strong><\/p>\n<p><strong>Junto com a equipe de contabilidade do munic\u00edpio, o grupo far\u00e1 uma an\u00e1lise de receitas e despesas da administra\u00e7\u00e3o, do exerc\u00edcio de 2022, o que foi planejado no or\u00e7amento e o que foi, de fato, realizado com o er\u00e1rio p\u00fablico.<\/strong><\/p>\n<p><strong>\u201c\u00c9 papel do cidad\u00e3o acompanhar as contas do seu munic\u00edpio, fiscalizar e, principalmente, conhecer a realidade financeira de onde vive para, s\u00f3 assim, puder fazer as devidas cobran\u00e7as ciente dos seus direitos, mas tamb\u00e9m consciente dos limites or\u00e7ament\u00e1rios da administra\u00e7\u00e3o. Dinheiro p\u00fablico \u00e9 da conta de todos n\u00f3s e a participa\u00e7\u00e3o de todos \u00e9 extremamente importante\u201d, disse o prefeito Rodrigo Hagge ao convidar os itapetinguenses a participarem da audi\u00eancia.<\/strong><\/p>\n","protected":false},"excerpt":{"rendered":"<p>A prefeitura de Itapetinga segue buscando fazer servi\u00e7o p\u00fablico com transpar\u00eancia e responsabilidade. Por isso, na pr\u00f3xima quarta-feira, 15, \u00e0s 9h, na C\u00e2mara de Vereadores, a secretaria de finan\u00e7as realizar\u00e1 uma audi\u00eancia p\u00fablica para demonstrar e avaliar o cumprimento das metas fiscais do terceiro quadrimestre de 2022. Junto com a equipe de contabilidade do munic\u00edpio, [&hellip;]<\/p>\n","protected":false},"author":2,"featured_media":107694,"comment_status":"open","ping_status":"open","sticky":false,"template":"","format":"standard","meta":{"footnotes":"","_links_to":"","_links_to_target":""},"categories":[1],"tags":[],"class_list":["post-107692","post","type-post","status-publish","format-standard","has-post-thumbnail","hentry","category-geral"],"views":563,"_links":{"self":[{"href":"https:\/\/www.sudoestehoje.com.br\/novoportal\/wp-json\/wp\/v2\/posts\/107692","targetHints":{"allow":["GET"]}}],"collection":[{"href":"https:\/\/www.sudoestehoje.com.br\/novoportal\/wp-json\/wp\/v2\/posts"}],"about":[{"href":"https:\/\/www.sudoestehoje.com.br\/novoportal\/wp-json\/wp\/v2\/types\/post"}],"author":[{"embeddable":true,"href":"https:\/\/www.sudoestehoje.com.br\/novoportal\/wp-json\/wp\/v2\/users\/2"}],"replies":[{"embeddable":true,"href":"https:\/\/www.sudoestehoje.com.br\/novoportal\/wp-json\/wp\/v2\/comments?post=107692"}],"version-history":[{"count":3,"href":"https:\/\/www.sudoestehoje.com.br\/novoportal\/wp-json\/wp\/v2\/posts\/107692\/revisions"}],"predecessor-version":[{"id":107703,"href":"https:\/\/www.sudoestehoje.com.br\/novoportal\/wp-json\/wp\/v2\/posts\/107692\/revisions\/107703"}],"wp:featuredmedia":[{"embeddable":true,"href":"https:\/\/www.sudoestehoje.com.br\/novoportal\/wp-json\/wp\/v2\/media\/107694"}],"wp:attachment":[{"href":"https:\/\/www.sudoestehoje.com.br\/novoportal\/wp-json\/wp\/v2\/media?parent=107692"}],"wp:term":[{"taxonomy":"category","embeddable":true,"href":"https:\/\/www.sudoestehoje.com.br\/novoportal\/wp-json\/wp\/v2\/categories?post=107692"},{"taxonomy":"post_tag","embeddable":true,"href":"https:\/\/www.sudoestehoje.com.br\/novoportal\/wp-json\/wp\/v2\/tags?post=107692"}],"curies":[{"name":"wp","href":"https:\/\/api.w.org\/{rel}","templated":true}]}}