
{"id":107687,"date":"2023-02-08T11:38:56","date_gmt":"2023-02-08T14:38:56","guid":{"rendered":"https:\/\/www.sudoestehoje.com.br\/novoportal\/?p=107687"},"modified":"2023-02-09T07:24:05","modified_gmt":"2023-02-09T10:24:05","slug":"deputado-gaucho-esculhamba-a-bahia-e-uma-pobreza-tudo-pichado-sujo","status":"publish","type":"post","link":"https:\/\/www.sudoestehoje.com.br\/novoportal\/2023\/02\/08\/deputado-gaucho-esculhamba-a-bahia-e-uma-pobreza-tudo-pichado-sujo\/","title":{"rendered":"DEPUTADO GAUCHO ESCULHAMBA A BAHIA: &#8220;\u00c9 UMA POBREZA, TUDO PICHADO, SUJO&#8230;&#8221;"},"content":{"rendered":"<p><a href=\"https:\/\/www.sudoestehoje.com.br\/novoportal\/wp-content\/uploads\/2023\/02\/Mauricio-Marcon.jpg\"><img loading=\"lazy\" decoding=\"async\" class=\"aligncenter size-medium wp-image-107689\" src=\"https:\/\/www.sudoestehoje.com.br\/novoportal\/wp-content\/uploads\/2023\/02\/Mauricio-Marcon-500x350.jpg\" alt=\"\" width=\"500\" height=\"350\" srcset=\"https:\/\/www.sudoestehoje.com.br\/novoportal\/wp-content\/uploads\/2023\/02\/Mauricio-Marcon-500x350.jpg 500w, https:\/\/www.sudoestehoje.com.br\/novoportal\/wp-content\/uploads\/2023\/02\/Mauricio-Marcon.jpg 600w\" sizes=\"auto, (max-width: 500px) 100vw, 500px\" \/><\/a><\/p>\n<p><strong>Durante uma transmiss\u00e3o ao vivo realizada por meio do Instagram, o deputado federal pelo Rio Grande do Sul Mauricio Marcon (Podemos) fez duras cr\u00edticas aos governos do PT na Bahia e comparou o estado nordestino com o Haiti.<\/strong><\/p>\n<p><strong>Ao comentar sobre a vota\u00e7\u00e3o expressiva do Nordeste em Lula (PT) na \u00faltima disputa presidencial, Marcon disse que a \u201cinterfer\u00eancia pol\u00edtica desastrosa de governos populistas prejudicou o desenvolvimento da Bahia\u201d.<\/strong><\/p>\n<p><strong>\u201cA gente [ele e a esposa] teve l\u00e1 na Bahia. Assim, \u00e9 um Haiti. N\u00e3o tem explica\u00e7\u00e3o. \u00c9 uma pobreza, tudo pichado, sujo. E era uma \u00e1rea tur\u00edstica. A gente fica imaginando onde n\u00e3o \u00e9 [tur\u00edstico]. Ent\u00e3o a vida \u00e9 muito diferente\u201d, disse Marcon.<\/strong><\/p>\n<p><strong>Ap\u00f3s o trecho da entrevista viralizar nas redes sociais, a assessoria de imprensa do deputado disse ao UOL que a compara\u00e7\u00e3o diz respeito ao <em>\u201cbaixo n\u00edvel de desenvolvimento socioecon\u00f4mico de ambos, e nada mais\u201d.<\/em><\/strong><\/p>\n<p><strong>\u201cA Bahia, assim como o Haiti, \u00e9 um lugar onde as belezas naturais e o povo s\u00e3o maravilhosos, mas que <em>infelizmente a interfer\u00eancia pol\u00edtica desastrosa de governos populistas prejudicou o seu desenvolvimento<\/em> \u2013 \u00e9 bom lembrar que o estado est\u00e1 entrando no quinto governo consecutivo do Partido dos Trabalhadores (PT)\u201d, declarou o parlamentar em outro trecho da transmiss\u00e3o.<\/strong><\/p>\n","protected":false},"excerpt":{"rendered":"<p>Durante uma transmiss\u00e3o ao vivo realizada por meio do Instagram, o deputado federal pelo Rio Grande do Sul Mauricio Marcon (Podemos) fez duras cr\u00edticas aos governos do PT na Bahia e comparou o estado nordestino com o Haiti. Ao comentar sobre a vota\u00e7\u00e3o expressiva do Nordeste em Lula (PT) na \u00faltima disputa presidencial, Marcon disse [&hellip;]<\/p>\n","protected":false},"author":2,"featured_media":107689,"comment_status":"open","ping_status":"open","sticky":false,"template":"","format":"standard","meta":{"footnotes":"","_links_to":"","_links_to_target":""},"categories":[1],"tags":[],"class_list":["post-107687","post","type-post","status-publish","format-standard","has-post-thumbnail","hentry","category-geral"],"views":1168,"_links":{"self":[{"href":"https:\/\/www.sudoestehoje.com.br\/novoportal\/wp-json\/wp\/v2\/posts\/107687","targetHints":{"allow":["GET"]}}],"collection":[{"href":"https:\/\/www.sudoestehoje.com.br\/novoportal\/wp-json\/wp\/v2\/posts"}],"about":[{"href":"https:\/\/www.sudoestehoje.com.br\/novoportal\/wp-json\/wp\/v2\/types\/post"}],"author":[{"embeddable":true,"href":"https:\/\/www.sudoestehoje.com.br\/novoportal\/wp-json\/wp\/v2\/users\/2"}],"replies":[{"embeddable":true,"href":"https:\/\/www.sudoestehoje.com.br\/novoportal\/wp-json\/wp\/v2\/comments?post=107687"}],"version-history":[{"count":4,"href":"https:\/\/www.sudoestehoje.com.br\/novoportal\/wp-json\/wp\/v2\/posts\/107687\/revisions"}],"predecessor-version":[{"id":107704,"href":"https:\/\/www.sudoestehoje.com.br\/novoportal\/wp-json\/wp\/v2\/posts\/107687\/revisions\/107704"}],"wp:featuredmedia":[{"embeddable":true,"href":"https:\/\/www.sudoestehoje.com.br\/novoportal\/wp-json\/wp\/v2\/media\/107689"}],"wp:attachment":[{"href":"https:\/\/www.sudoestehoje.com.br\/novoportal\/wp-json\/wp\/v2\/media?parent=107687"}],"wp:term":[{"taxonomy":"category","embeddable":true,"href":"https:\/\/www.sudoestehoje.com.br\/novoportal\/wp-json\/wp\/v2\/categories?post=107687"},{"taxonomy":"post_tag","embeddable":true,"href":"https:\/\/www.sudoestehoje.com.br\/novoportal\/wp-json\/wp\/v2\/tags?post=107687"}],"curies":[{"name":"wp","href":"https:\/\/api.w.org\/{rel}","templated":true}]}}