
{"id":107683,"date":"2023-02-08T09:48:59","date_gmt":"2023-02-08T12:48:59","guid":{"rendered":"https:\/\/www.sudoestehoje.com.br\/novoportal\/?p=107683"},"modified":"2023-02-08T11:29:13","modified_gmt":"2023-02-08T14:29:13","slug":"apos-intoxicacao-alimentar-11-mil-alunos-ficam-sem-aula-em-jacobina","status":"publish","type":"post","link":"https:\/\/www.sudoestehoje.com.br\/novoportal\/2023\/02\/08\/apos-intoxicacao-alimentar-11-mil-alunos-ficam-sem-aula-em-jacobina\/","title":{"rendered":"AP\u00d3S INTOXICA\u00c7\u00c3O ALIMENTAR, 11 MIL ALUNOS FICAM SEM AULA EM JACOBINA"},"content":{"rendered":"<p><a href=\"https:\/\/www.sudoestehoje.com.br\/novoportal\/wp-content\/uploads\/2023\/02\/csm_professores_4fb07179c1.jpg\"><img loading=\"lazy\" decoding=\"async\" class=\"aligncenter wp-image-107684\" src=\"https:\/\/www.sudoestehoje.com.br\/novoportal\/wp-content\/uploads\/2023\/02\/csm_professores_4fb07179c1.jpg\" alt=\"\" width=\"499\" height=\"291\" \/><\/a><\/p>\n<p>Cerca de 11 mil alunos ficaram sem aula em Jacobina, ap\u00f3s centenas de profissionais da educa\u00e7\u00e3o passarem mal por conta de um intoxica\u00e7\u00e3o alimentar. Ao todo 110 professores da rede municipal precisaram se afastar por conta da situa\u00e7\u00e3o.<\/p>\n<p>A Prefeitura de Jacobina deve anunciar at\u00e9 o fim da semana uma nova data para o retorno das aulas, que come\u00e7ariam na segunda-feira. A gest\u00e3o municipal informou que haver\u00e1 reposi\u00e7\u00e3o dos dias perdidos, mas ainda n\u00e3o divulgou o novo calend\u00e1rio.<\/p>\n<p>N\u00e3o h\u00e1 informa\u00e7\u00f5es sobre quantos professores ainda est\u00e3o hospitalizados por conta da situa\u00e7\u00e3o. Al\u00e9m deles, cerca de 300 pessoas, que atuam na \u00e1rea da educa\u00e7\u00e3o em Jacobina, tamb\u00e9m foram intoxicados.<\/p>\n<p>O caso ocorreu durante a Jornada Pedag\u00f3gica 2023, realizada pela prefeitura, na \u00faltima ter\u00e7a-feira (31). As v\u00edtimas tiveram sintomas como diarreia e v\u00f4mito.<\/p>\n<p>O restaurante que serviu o almo\u00e7o para o evento foi interditado pela Vigil\u00e2ncia Sanit\u00e1ria. As secretarias de Educa\u00e7\u00e3o e Sa\u00fade orientaram os profissionais da rede municipal de ensino que participaram da Jornada Pedag\u00f3gica e apresentaram sintomas gastrointestinais a procurar o Posto de Sa\u00fade da Fam\u00edlia (PSF), no bairro da Matriz, a partir desta segunda (6), onde h\u00e1 uma equipe de m\u00e9dicos e enfermeiros destinada a atender esses casos.<\/p>\n<p>As amostras da comida servida no evento foram enviadas para an\u00e1lise no Laborat\u00f3rio Central de Sa\u00fade P\u00fablica (Lacen) ap\u00f3s a prefeitura acionar a Vigil\u00e2ncia Sanit\u00e1ria, mas ainda n\u00e3o determinaram a causa da intoxica\u00e7\u00e3o.<\/p>\n","protected":false},"excerpt":{"rendered":"<p>Cerca de 11 mil alunos ficaram sem aula em Jacobina, ap\u00f3s centenas de profissionais da educa\u00e7\u00e3o passarem mal por conta de um intoxica\u00e7\u00e3o alimentar. Ao todo 110 professores da rede municipal precisaram se afastar por conta da situa\u00e7\u00e3o. A Prefeitura de Jacobina deve anunciar at\u00e9 o fim da semana uma nova data para o retorno [&hellip;]<\/p>\n","protected":false},"author":2,"featured_media":107684,"comment_status":"open","ping_status":"open","sticky":false,"template":"","format":"standard","meta":{"footnotes":"","_links_to":"","_links_to_target":""},"categories":[1],"tags":[],"class_list":["post-107683","post","type-post","status-publish","format-standard","has-post-thumbnail","hentry","category-geral"],"views":662,"_links":{"self":[{"href":"https:\/\/www.sudoestehoje.com.br\/novoportal\/wp-json\/wp\/v2\/posts\/107683","targetHints":{"allow":["GET"]}}],"collection":[{"href":"https:\/\/www.sudoestehoje.com.br\/novoportal\/wp-json\/wp\/v2\/posts"}],"about":[{"href":"https:\/\/www.sudoestehoje.com.br\/novoportal\/wp-json\/wp\/v2\/types\/post"}],"author":[{"embeddable":true,"href":"https:\/\/www.sudoestehoje.com.br\/novoportal\/wp-json\/wp\/v2\/users\/2"}],"replies":[{"embeddable":true,"href":"https:\/\/www.sudoestehoje.com.br\/novoportal\/wp-json\/wp\/v2\/comments?post=107683"}],"version-history":[{"count":2,"href":"https:\/\/www.sudoestehoje.com.br\/novoportal\/wp-json\/wp\/v2\/posts\/107683\/revisions"}],"predecessor-version":[{"id":107686,"href":"https:\/\/www.sudoestehoje.com.br\/novoportal\/wp-json\/wp\/v2\/posts\/107683\/revisions\/107686"}],"wp:featuredmedia":[{"embeddable":true,"href":"https:\/\/www.sudoestehoje.com.br\/novoportal\/wp-json\/wp\/v2\/media\/107684"}],"wp:attachment":[{"href":"https:\/\/www.sudoestehoje.com.br\/novoportal\/wp-json\/wp\/v2\/media?parent=107683"}],"wp:term":[{"taxonomy":"category","embeddable":true,"href":"https:\/\/www.sudoestehoje.com.br\/novoportal\/wp-json\/wp\/v2\/categories?post=107683"},{"taxonomy":"post_tag","embeddable":true,"href":"https:\/\/www.sudoestehoje.com.br\/novoportal\/wp-json\/wp\/v2\/tags?post=107683"}],"curies":[{"name":"wp","href":"https:\/\/api.w.org\/{rel}","templated":true}]}}