
{"id":107670,"date":"2023-02-07T10:32:22","date_gmt":"2023-02-07T13:32:22","guid":{"rendered":"https:\/\/www.sudoestehoje.com.br\/novoportal\/?p=107670"},"modified":"2023-02-07T10:32:22","modified_gmt":"2023-02-07T13:32:22","slug":"retorno-dos-trabalhos-legislativos-na-camara-de-vereadores-acontecera-no-dia-15","status":"publish","type":"post","link":"https:\/\/www.sudoestehoje.com.br\/novoportal\/2023\/02\/07\/retorno-dos-trabalhos-legislativos-na-camara-de-vereadores-acontecera-no-dia-15\/","title":{"rendered":"RETORNO DOS TRABALHOS LEGISLATIVOS NA C\u00c2MARA DE VEREADORES ACONTECER\u00c1 NO DIA 15"},"content":{"rendered":"<p><a href=\"https:\/\/www.sudoestehoje.com.br\/novoportal\/wp-content\/uploads\/2023\/02\/DSC_0005-3.jpg\"><img loading=\"lazy\" decoding=\"async\" class=\"size-medium wp-image-107671\" src=\"https:\/\/www.sudoestehoje.com.br\/novoportal\/wp-content\/uploads\/2023\/02\/DSC_0005-3-500x334.jpg\" alt=\"\" width=\"500\" height=\"334\" srcset=\"https:\/\/www.sudoestehoje.com.br\/novoportal\/wp-content\/uploads\/2023\/02\/DSC_0005-3-500x334.jpg 500w, https:\/\/www.sudoestehoje.com.br\/novoportal\/wp-content\/uploads\/2023\/02\/DSC_0005-3.jpg 640w\" sizes=\"auto, (max-width: 500px) 100vw, 500px\" \/><\/a><\/p>\n<p>A<strong> C\u00e2mara Municipal de Itapetinga<\/strong> retornar\u00e1 com as sess\u00f5es legislativas ordin\u00e1rias a partir do dia 15 de fevereiro, depois de quase dois meses de recesso parlamentar previsto no seu Regimento Interno.<\/p>\n<p>A abertura dos trabalhos legislativos tem data marcada, mas o retorno \u00e0s atividades fica mesmo para a semana posterior, ap\u00f3s o Carnaval, quando a Bahia, de fato, entra no ar.<\/p>\n<p>Com nova Mesa Diretora presidida pelo experiente vereador <strong>Jo\u00e3o de Deus (MDB)<\/strong>, a popula\u00e7\u00e3o de Itapetinga espera uma gest\u00e3o equilibrada e produtiva, nos pr\u00f3ximos 2 anos.<\/p>\n<p>T\u00e1 precisando&#8230;<\/p>\n<p><strong><em>Por Davi Ferraz<\/em><\/strong><\/p>\n","protected":false},"excerpt":{"rendered":"<p>A C\u00e2mara Municipal de Itapetinga retornar\u00e1 com as sess\u00f5es legislativas ordin\u00e1rias a partir do dia 15 de fevereiro, depois de quase dois meses de recesso parlamentar previsto no seu Regimento Interno. A abertura dos trabalhos legislativos tem data marcada, mas o retorno \u00e0s atividades fica mesmo para a semana posterior, ap\u00f3s o Carnaval, quando a [&hellip;]<\/p>\n","protected":false},"author":2,"featured_media":107671,"comment_status":"open","ping_status":"open","sticky":false,"template":"","format":"standard","meta":{"footnotes":"","_links_to":"","_links_to_target":""},"categories":[1],"tags":[],"class_list":["post-107670","post","type-post","status-publish","format-standard","has-post-thumbnail","hentry","category-geral"],"views":618,"_links":{"self":[{"href":"https:\/\/www.sudoestehoje.com.br\/novoportal\/wp-json\/wp\/v2\/posts\/107670","targetHints":{"allow":["GET"]}}],"collection":[{"href":"https:\/\/www.sudoestehoje.com.br\/novoportal\/wp-json\/wp\/v2\/posts"}],"about":[{"href":"https:\/\/www.sudoestehoje.com.br\/novoportal\/wp-json\/wp\/v2\/types\/post"}],"author":[{"embeddable":true,"href":"https:\/\/www.sudoestehoje.com.br\/novoportal\/wp-json\/wp\/v2\/users\/2"}],"replies":[{"embeddable":true,"href":"https:\/\/www.sudoestehoje.com.br\/novoportal\/wp-json\/wp\/v2\/comments?post=107670"}],"version-history":[{"count":3,"href":"https:\/\/www.sudoestehoje.com.br\/novoportal\/wp-json\/wp\/v2\/posts\/107670\/revisions"}],"predecessor-version":[{"id":107674,"href":"https:\/\/www.sudoestehoje.com.br\/novoportal\/wp-json\/wp\/v2\/posts\/107670\/revisions\/107674"}],"wp:featuredmedia":[{"embeddable":true,"href":"https:\/\/www.sudoestehoje.com.br\/novoportal\/wp-json\/wp\/v2\/media\/107671"}],"wp:attachment":[{"href":"https:\/\/www.sudoestehoje.com.br\/novoportal\/wp-json\/wp\/v2\/media?parent=107670"}],"wp:term":[{"taxonomy":"category","embeddable":true,"href":"https:\/\/www.sudoestehoje.com.br\/novoportal\/wp-json\/wp\/v2\/categories?post=107670"},{"taxonomy":"post_tag","embeddable":true,"href":"https:\/\/www.sudoestehoje.com.br\/novoportal\/wp-json\/wp\/v2\/tags?post=107670"}],"curies":[{"name":"wp","href":"https:\/\/api.w.org\/{rel}","templated":true}]}}