
{"id":10767,"date":"2011-11-27T23:17:04","date_gmt":"2011-11-28T02:17:04","guid":{"rendered":"http:\/\/www.sudoestehoje.com.br\/novoportal\/?p=10767"},"modified":"2011-11-27T23:18:25","modified_gmt":"2011-11-28T02:18:25","slug":"prefeitura-acaba-a-zona-azul","status":"publish","type":"post","link":"https:\/\/www.sudoestehoje.com.br\/novoportal\/2011\/11\/27\/prefeitura-acaba-a-zona-azul\/","title":{"rendered":"PREFEITURA ACABA COM A ZONA AZUL"},"content":{"rendered":"<p style=\"text-align: center;\"><img loading=\"lazy\" decoding=\"async\" class=\"aligncenter\" src=\"http:\/\/3.bp.blogspot.com\/-QZghCVkyWz0\/TZsLHJ6x8eI\/AAAAAAAAIGg\/FstFy3YWppk\/s400\/DSC_0722.jpg\" alt=\"\" width=\"400\" height=\"268\" \/><\/p>\n<p style=\"text-align: center;\"><em><strong>Agentes da Zona Azul foram sumariamente &#8216;dispensados&#8217; pela Comutran<\/strong><\/em><\/p>\n<p>ITAPETINGA: O servi\u00e7o de estacionamento Zona Azul de Itapetinga, encerrou as suas atividades a partir do \u00faltimo s\u00e1bado (26), em decorr\u00eancia de uma decis\u00e3o do prefeito Z\u00e9 Carlos, cuja equipe, mais uma vez, demonstra toda a sua incapacidade administrativa, deixando pelo meio do caminho um projeto de tamanha import\u00e2ncia. Se agrada a alguns motoristas que n\u00e3o gostam de gastar um real sequer para estacionarem no centro da cidade, o encerramento da Zona Azul desagrada a maioria dos propriet\u00e1rios de ve\u00edculos e comerciantes, que sempre sofreram com o caos no complicado tr\u00e2nsito no centro da cidade, antes da implanta\u00e7\u00e3o da Zona Azul.<\/p>\n<p>O motivo da encerramento da Zona Azul, segundo fontes ligadas \u00e0 administra\u00e7\u00e3o, teria sido o &#8216;preju\u00edzo&#8217; financeiro causado pela pequena arrecada\u00e7\u00e3o, sempre abaixo das despesas. Se a raz\u00e3o alegada for esta, \u00e9 totalmente descabida, considerando que \u00a0a finalidade prec\u00edpua da Zona Azul nunca deve ser lucrativa, mas sim uma medida reguladora do fluxo de ve\u00edculos que utilizam as vias principais do centro comercial da cidade, como estacionamento. Mesmo funcionando precariamente, a Zona Azul obteve relativo sucesso neste aspecto.<\/p>\n<p>Outro aspecto que deveria ter sido observado e n\u00e3o foi, \u00a0\u00e9 o social, com a gera\u00e7\u00e3o de emprego e renda para a garotada que trabalhava no projeto e que foi sumariamente demitida, sem maiores explica\u00e7\u00f5es. O projeto, que come\u00e7ou em 04 de abril deste ano, encerra oito meses depois, por pura incompet\u00eancia administrativa.<\/p>\n<p>Assim, a administra\u00e7\u00e3o do prefeito Z\u00e9 Carlos se consolida como aquela que n\u00e3o consegue levar adiante os seus pr\u00f3prios projetos, isto sem falar dos que encontrou em andamento e n\u00e3o teve capacidade de dar continuidade.<\/p>\n<p><em><strong>Por DAVI FERRAZ<\/strong><\/em><\/p>\n","protected":false},"excerpt":{"rendered":"<p>Agentes da Zona Azul foram sumariamente &#8216;dispensados&#8217; pela Comutran ITAPETINGA: O servi\u00e7o de estacionamento Zona Azul de Itapetinga, encerrou as suas atividades a partir do \u00faltimo s\u00e1bado (26), em decorr\u00eancia de uma decis\u00e3o do prefeito Z\u00e9 Carlos, cuja equipe, mais uma vez, demonstra toda a sua incapacidade administrativa, deixando pelo meio do caminho um projeto [&hellip;]<\/p>\n","protected":false},"author":2,"featured_media":0,"comment_status":"open","ping_status":"open","sticky":false,"template":"","format":"standard","meta":{"footnotes":"","_links_to":"","_links_to_target":""},"categories":[1],"tags":[],"class_list":["post-10767","post","type-post","status-publish","format-standard","hentry","category-geral"],"views":2344,"_links":{"self":[{"href":"https:\/\/www.sudoestehoje.com.br\/novoportal\/wp-json\/wp\/v2\/posts\/10767","targetHints":{"allow":["GET"]}}],"collection":[{"href":"https:\/\/www.sudoestehoje.com.br\/novoportal\/wp-json\/wp\/v2\/posts"}],"about":[{"href":"https:\/\/www.sudoestehoje.com.br\/novoportal\/wp-json\/wp\/v2\/types\/post"}],"author":[{"embeddable":true,"href":"https:\/\/www.sudoestehoje.com.br\/novoportal\/wp-json\/wp\/v2\/users\/2"}],"replies":[{"embeddable":true,"href":"https:\/\/www.sudoestehoje.com.br\/novoportal\/wp-json\/wp\/v2\/comments?post=10767"}],"version-history":[{"count":7,"href":"https:\/\/www.sudoestehoje.com.br\/novoportal\/wp-json\/wp\/v2\/posts\/10767\/revisions"}],"predecessor-version":[{"id":10785,"href":"https:\/\/www.sudoestehoje.com.br\/novoportal\/wp-json\/wp\/v2\/posts\/10767\/revisions\/10785"}],"wp:attachment":[{"href":"https:\/\/www.sudoestehoje.com.br\/novoportal\/wp-json\/wp\/v2\/media?parent=10767"}],"wp:term":[{"taxonomy":"category","embeddable":true,"href":"https:\/\/www.sudoestehoje.com.br\/novoportal\/wp-json\/wp\/v2\/categories?post=10767"},{"taxonomy":"post_tag","embeddable":true,"href":"https:\/\/www.sudoestehoje.com.br\/novoportal\/wp-json\/wp\/v2\/tags?post=10767"}],"curies":[{"name":"wp","href":"https:\/\/api.w.org\/{rel}","templated":true}]}}