
{"id":107664,"date":"2023-02-06T20:04:11","date_gmt":"2023-02-06T23:04:11","guid":{"rendered":"https:\/\/www.sudoestehoje.com.br\/novoportal\/?p=107664"},"modified":"2023-02-06T20:06:10","modified_gmt":"2023-02-06T23:06:10","slug":"estado-e-prefeitura-devem-decretar-ponto-facultativo-durante-carnaval","status":"publish","type":"post","link":"https:\/\/www.sudoestehoje.com.br\/novoportal\/2023\/02\/06\/estado-e-prefeitura-devem-decretar-ponto-facultativo-durante-carnaval\/","title":{"rendered":"ESTADO E PREFEITURA DEVEM DECRETAR &#8216;PONTO FACULTATIVO&#8217; DURANTE CARNAVAL"},"content":{"rendered":"<p><a href=\"https:\/\/www.sudoestehoje.com.br\/novoportal\/wp-content\/uploads\/2023\/02\/WhatsApp-Image-2023-02-06-at-19.58.54.jpeg\"><img loading=\"lazy\" decoding=\"async\" class=\"aligncenter size-medium wp-image-107666\" src=\"https:\/\/www.sudoestehoje.com.br\/novoportal\/wp-content\/uploads\/2023\/02\/WhatsApp-Image-2023-02-06-at-19.58.54-500x282.jpeg\" alt=\"\" width=\"500\" height=\"282\" srcset=\"https:\/\/www.sudoestehoje.com.br\/novoportal\/wp-content\/uploads\/2023\/02\/WhatsApp-Image-2023-02-06-at-19.58.54-500x282.jpeg 500w, https:\/\/www.sudoestehoje.com.br\/novoportal\/wp-content\/uploads\/2023\/02\/WhatsApp-Image-2023-02-06-at-19.58.54-700x394.jpeg 700w, https:\/\/www.sudoestehoje.com.br\/novoportal\/wp-content\/uploads\/2023\/02\/WhatsApp-Image-2023-02-06-at-19.58.54-768x432.jpeg 768w, https:\/\/www.sudoestehoje.com.br\/novoportal\/wp-content\/uploads\/2023\/02\/WhatsApp-Image-2023-02-06-at-19.58.54-1536x865.jpeg 1536w, https:\/\/www.sudoestehoje.com.br\/novoportal\/wp-content\/uploads\/2023\/02\/WhatsApp-Image-2023-02-06-at-19.58.54.jpeg 1600w\" sizes=\"auto, (max-width: 500px) 100vw, 500px\" \/><\/a><\/p>\n<p>Seguindo a tradi\u00e7\u00e3o, o per\u00edodo do Carnaval continuar\u00e1 sendo o &#8216;maior feriad\u00e3o do Brasil&#8217;, com a repeti\u00e7\u00e3o de decretos de &#8216;Ponto Facultativo&#8217; em todas as esferas do governo.<\/p>\n<p>Em<strong> Itapetinga<\/strong>, o prefeito Rodrigo Hagge dever\u00e1 decretar PONTO FACULTATIVO a partir da sexta-feira (17) para os servidores municipais, com retorno ao trabalho no dia 22 de fevereiro, a partir das 13h, resguardando os servi\u00e7os essenciais. O mesmo dever\u00e1 acontecer na esfera estadual, atrav\u00e9s de decreto do governador.<\/p>\n<p>J\u00e1 o com\u00e9rcio lojista, dever\u00e1 seguir o calend\u00e1rio negociado com os comerci\u00e1rios, liberando a segunda-feira de carnaval e respeitando o feriado de ter\u00e7a. Na quarta-feira de cinzas, o com\u00e9rcio deve funcionar normalmente, em hor\u00e1rio integral.<\/p>\n<p>O regime de funcionamento da ind\u00fastria n\u00e3o \u00e9 vinculado ao funcionamento do com\u00e9rcio e \u00f3rg\u00e3os p\u00fablicos.<\/p>\n<p>Bom Carnaval para todos!<\/p>\n<p><strong><em>Por Davi Ferraz<\/em><\/strong><\/p>\n","protected":false},"excerpt":{"rendered":"<p>Seguindo a tradi\u00e7\u00e3o, o per\u00edodo do Carnaval continuar\u00e1 sendo o &#8216;maior feriad\u00e3o do Brasil&#8217;, com a repeti\u00e7\u00e3o de decretos de &#8216;Ponto Facultativo&#8217; em todas as esferas do governo. Em Itapetinga, o prefeito Rodrigo Hagge dever\u00e1 decretar PONTO FACULTATIVO a partir da sexta-feira (17) para os servidores municipais, com retorno ao trabalho no dia 22 de [&hellip;]<\/p>\n","protected":false},"author":2,"featured_media":107666,"comment_status":"open","ping_status":"open","sticky":false,"template":"","format":"standard","meta":{"footnotes":"","_links_to":"","_links_to_target":""},"categories":[1],"tags":[],"class_list":["post-107664","post","type-post","status-publish","format-standard","has-post-thumbnail","hentry","category-geral"],"views":796,"_links":{"self":[{"href":"https:\/\/www.sudoestehoje.com.br\/novoportal\/wp-json\/wp\/v2\/posts\/107664","targetHints":{"allow":["GET"]}}],"collection":[{"href":"https:\/\/www.sudoestehoje.com.br\/novoportal\/wp-json\/wp\/v2\/posts"}],"about":[{"href":"https:\/\/www.sudoestehoje.com.br\/novoportal\/wp-json\/wp\/v2\/types\/post"}],"author":[{"embeddable":true,"href":"https:\/\/www.sudoestehoje.com.br\/novoportal\/wp-json\/wp\/v2\/users\/2"}],"replies":[{"embeddable":true,"href":"https:\/\/www.sudoestehoje.com.br\/novoportal\/wp-json\/wp\/v2\/comments?post=107664"}],"version-history":[{"count":2,"href":"https:\/\/www.sudoestehoje.com.br\/novoportal\/wp-json\/wp\/v2\/posts\/107664\/revisions"}],"predecessor-version":[{"id":107668,"href":"https:\/\/www.sudoestehoje.com.br\/novoportal\/wp-json\/wp\/v2\/posts\/107664\/revisions\/107668"}],"wp:featuredmedia":[{"embeddable":true,"href":"https:\/\/www.sudoestehoje.com.br\/novoportal\/wp-json\/wp\/v2\/media\/107666"}],"wp:attachment":[{"href":"https:\/\/www.sudoestehoje.com.br\/novoportal\/wp-json\/wp\/v2\/media?parent=107664"}],"wp:term":[{"taxonomy":"category","embeddable":true,"href":"https:\/\/www.sudoestehoje.com.br\/novoportal\/wp-json\/wp\/v2\/categories?post=107664"},{"taxonomy":"post_tag","embeddable":true,"href":"https:\/\/www.sudoestehoje.com.br\/novoportal\/wp-json\/wp\/v2\/tags?post=107664"}],"curies":[{"name":"wp","href":"https:\/\/api.w.org\/{rel}","templated":true}]}}