
{"id":107660,"date":"2023-02-06T19:35:26","date_gmt":"2023-02-06T22:35:26","guid":{"rendered":"https:\/\/www.sudoestehoje.com.br\/novoportal\/?p=107660"},"modified":"2023-02-06T19:35:26","modified_gmt":"2023-02-06T22:35:26","slug":"ex-presidente-de-camara-municipal-e-preso-por-estupro-no-interior-da-bahia","status":"publish","type":"post","link":"https:\/\/www.sudoestehoje.com.br\/novoportal\/2023\/02\/06\/ex-presidente-de-camara-municipal-e-preso-por-estupro-no-interior-da-bahia\/","title":{"rendered":"EX-PRESIDENTE DE C\u00c2MARA MUNICIPAL \u00c9 PRESO POR ESTUPRO NO INTERIOR DA BAHIA"},"content":{"rendered":"<p><a href=\"https:\/\/www.sudoestehoje.com.br\/novoportal\/wp-content\/uploads\/2023\/02\/antonio_de_ulisses_vereador_riachao_das_neves_foto_reproducao.jpg\"><img loading=\"lazy\" decoding=\"async\" class=\"aligncenter size-medium wp-image-107662\" src=\"https:\/\/www.sudoestehoje.com.br\/novoportal\/wp-content\/uploads\/2023\/02\/antonio_de_ulisses_vereador_riachao_das_neves_foto_reproducao-500x249.jpg\" alt=\"\" width=\"500\" height=\"249\" srcset=\"https:\/\/www.sudoestehoje.com.br\/novoportal\/wp-content\/uploads\/2023\/02\/antonio_de_ulisses_vereador_riachao_das_neves_foto_reproducao-500x249.jpg 500w, https:\/\/www.sudoestehoje.com.br\/novoportal\/wp-content\/uploads\/2023\/02\/antonio_de_ulisses_vereador_riachao_das_neves_foto_reproducao-700x349.jpg 700w, https:\/\/www.sudoestehoje.com.br\/novoportal\/wp-content\/uploads\/2023\/02\/antonio_de_ulisses_vereador_riachao_das_neves_foto_reproducao-768x383.jpg 768w, https:\/\/www.sudoestehoje.com.br\/novoportal\/wp-content\/uploads\/2023\/02\/antonio_de_ulisses_vereador_riachao_das_neves_foto_reproducao.jpg 1100w\" sizes=\"auto, (max-width: 500px) 100vw, 500px\" \/><\/a><\/p>\n<p>Um ex-vereador da cidade de\u00a0<a href=\"https:\/\/g1.globo.com\/ba\/bahia\/cidade\/riachao-das-neves\/\">Riach\u00e3o das Neves<\/a>, no oeste do estado, foi preso na manh\u00e3 desta segunda-feira (6) em\u00a0<a href=\"https:\/\/g1.globo.com\/ba\/bahia\/cidade\/barreiras-ba\/\">Barreiras<\/a>, na mesma regi\u00e3o. Ant\u00f4nio Rodrigues de Souza, conhecido como Ant\u00f4nio de Ulisses, de 53 anos, \u00e9 suspeito de cometer estupro de vulner\u00e1vel em Riach\u00e3o das Neves.<\/p>\n<p>Em 2018, quando ainda era presidente da C\u00e2mara de Vereadores do munic\u00edpio, Ant\u00f4nio havia sido\u00a0<a href=\"https:\/\/g1.globo.com\/ba\/bahia\/noticia\/2018\/08\/28\/presidente-da-camara-de-vereadores-de-riachao-das-neves-e-indiciado-por-estuprar-meninas-no-oeste-da-bahia.ghtml\">indiciado<\/a>\u00a0por estuprar meninas. Pelo mesmo crime, ele tamb\u00e9m foi condenado, mas conseguiu reverter para pris\u00e3o domiciliar, e depois foi liberado para responder em liberdade.<\/p>\n<p>O suspeito j\u00e1 possu\u00eda dois mandados de pris\u00e3o em aberto, por estupro de vuner\u00e1vel. Durante a investiga\u00e7\u00e3o, Ant\u00f4nio foi localizado na Col\u00f4nia de Pescadores de Barreiras, onde foi preso.<\/p>\n","protected":false},"excerpt":{"rendered":"<p>Um ex-vereador da cidade de\u00a0Riach\u00e3o das Neves, no oeste do estado, foi preso na manh\u00e3 desta segunda-feira (6) em\u00a0Barreiras, na mesma regi\u00e3o. Ant\u00f4nio Rodrigues de Souza, conhecido como Ant\u00f4nio de Ulisses, de 53 anos, \u00e9 suspeito de cometer estupro de vulner\u00e1vel em Riach\u00e3o das Neves. Em 2018, quando ainda era presidente da C\u00e2mara de Vereadores [&hellip;]<\/p>\n","protected":false},"author":2,"featured_media":107662,"comment_status":"open","ping_status":"open","sticky":false,"template":"","format":"standard","meta":{"footnotes":"","_links_to":"","_links_to_target":""},"categories":[1],"tags":[],"class_list":["post-107660","post","type-post","status-publish","format-standard","has-post-thumbnail","hentry","category-geral"],"views":740,"_links":{"self":[{"href":"https:\/\/www.sudoestehoje.com.br\/novoportal\/wp-json\/wp\/v2\/posts\/107660","targetHints":{"allow":["GET"]}}],"collection":[{"href":"https:\/\/www.sudoestehoje.com.br\/novoportal\/wp-json\/wp\/v2\/posts"}],"about":[{"href":"https:\/\/www.sudoestehoje.com.br\/novoportal\/wp-json\/wp\/v2\/types\/post"}],"author":[{"embeddable":true,"href":"https:\/\/www.sudoestehoje.com.br\/novoportal\/wp-json\/wp\/v2\/users\/2"}],"replies":[{"embeddable":true,"href":"https:\/\/www.sudoestehoje.com.br\/novoportal\/wp-json\/wp\/v2\/comments?post=107660"}],"version-history":[{"count":2,"href":"https:\/\/www.sudoestehoje.com.br\/novoportal\/wp-json\/wp\/v2\/posts\/107660\/revisions"}],"predecessor-version":[{"id":107663,"href":"https:\/\/www.sudoestehoje.com.br\/novoportal\/wp-json\/wp\/v2\/posts\/107660\/revisions\/107663"}],"wp:featuredmedia":[{"embeddable":true,"href":"https:\/\/www.sudoestehoje.com.br\/novoportal\/wp-json\/wp\/v2\/media\/107662"}],"wp:attachment":[{"href":"https:\/\/www.sudoestehoje.com.br\/novoportal\/wp-json\/wp\/v2\/media?parent=107660"}],"wp:term":[{"taxonomy":"category","embeddable":true,"href":"https:\/\/www.sudoestehoje.com.br\/novoportal\/wp-json\/wp\/v2\/categories?post=107660"},{"taxonomy":"post_tag","embeddable":true,"href":"https:\/\/www.sudoestehoje.com.br\/novoportal\/wp-json\/wp\/v2\/tags?post=107660"}],"curies":[{"name":"wp","href":"https:\/\/api.w.org\/{rel}","templated":true}]}}