
{"id":107653,"date":"2023-02-06T19:19:39","date_gmt":"2023-02-06T22:19:39","guid":{"rendered":"https:\/\/www.sudoestehoje.com.br\/novoportal\/?p=107653"},"modified":"2023-02-06T19:19:39","modified_gmt":"2023-02-06T22:19:39","slug":"video-batida-entre-ferries-boats-assusta-passageiros-e-expoe-precariedade-do-sistema","status":"publish","type":"post","link":"https:\/\/www.sudoestehoje.com.br\/novoportal\/2023\/02\/06\/video-batida-entre-ferries-boats-assusta-passageiros-e-expoe-precariedade-do-sistema\/","title":{"rendered":"V\u00cdDEO | BATIDA ENTRE FERRIES-BOATS ASSUSTA PASSAGEIROS E EXP\u00d5E PRECARIEDADE DO SISTEMA"},"content":{"rendered":"<p><a href=\"https:\/\/www.sudoestehoje.com.br\/novoportal\/wp-content\/uploads\/2023\/02\/csm_Collage_Maker-06-Feb-2023-12.48-PM_d74c086f12.jpg\"><img loading=\"lazy\" decoding=\"async\" class=\"aligncenter size-medium wp-image-107655\" src=\"https:\/\/www.sudoestehoje.com.br\/novoportal\/wp-content\/uploads\/2023\/02\/csm_Collage_Maker-06-Feb-2023-12.48-PM_d74c086f12-500x333.jpg\" alt=\"\" width=\"500\" height=\"333\" srcset=\"https:\/\/www.sudoestehoje.com.br\/novoportal\/wp-content\/uploads\/2023\/02\/csm_Collage_Maker-06-Feb-2023-12.48-PM_d74c086f12-500x333.jpg 500w, https:\/\/www.sudoestehoje.com.br\/novoportal\/wp-content\/uploads\/2023\/02\/csm_Collage_Maker-06-Feb-2023-12.48-PM_d74c086f12.jpg 550w\" sizes=\"auto, (max-width: 500px) 100vw, 500px\" \/><\/a><\/p>\n<p>Uma batida envolvendo dois <strong>ferries-boats<\/strong> que fazem a travessia entre a capital baiana e a Ilha de Itaparica assustou usu\u00e1rios que utilizavam o servi\u00e7o na manh\u00e3 desta segunda-feira (6). N\u00e3o houve feridos em decorr\u00eancia da situa\u00e7\u00e3o, mas expos a precariedade do sistema e necessidade de mudan\u00e7as urgentes.<\/p>\n<p>Segundo a empresa respons\u00e1vel pela opera\u00e7\u00e3o, a Internacional Travessias, o caso foi motivado por um &#8220;erro de aproxima\u00e7\u00e3o na manobra do ferry Pinheiro, que encostou na embarca\u00e7\u00e3o Maria Beth\u00e2nia&#8221;.<\/p>\n<p>&#8220;A ocorr\u00eancia est\u00e1 sendo apurada para posterior divulga\u00e7\u00e3o&#8221;, acrescentou a gestora atrav\u00e9s de nota. Ainda de acordo com o comunicado, \u00a0os barcos n\u00e3o sofreram avarias e seguem navegando normalmente, sem nenhuma restri\u00e7\u00e3o. <em><strong>Confira v\u00eddeos:<\/strong><\/em><\/p>\n<div style=\"width: 352px;\" class=\"wp-video\"><!--[if lt IE 9]><script>document.createElement('video');<\/script><![endif]-->\n<video class=\"wp-video-shortcode\" id=\"video-107653-1\" width=\"352\" height=\"640\" preload=\"metadata\" controls=\"controls\"><source type=\"video\/mp4\" src=\"https:\/\/www.sudoestehoje.com.br\/novoportal\/wp-content\/uploads\/2023\/02\/WhatsApp-Video-2023-02-06-at-16.50.09.mp4?_=1\" \/><a href=\"https:\/\/www.sudoestehoje.com.br\/novoportal\/wp-content\/uploads\/2023\/02\/WhatsApp-Video-2023-02-06-at-16.50.09.mp4\">https:\/\/www.sudoestehoje.com.br\/novoportal\/wp-content\/uploads\/2023\/02\/WhatsApp-Video-2023-02-06-at-16.50.09.mp4<\/a><\/video><\/div>\n<div style=\"width: 480px;\" class=\"wp-video\"><video class=\"wp-video-shortcode\" id=\"video-107653-2\" width=\"480\" height=\"600\" preload=\"metadata\" controls=\"controls\"><source type=\"video\/mp4\" src=\"https:\/\/www.sudoestehoje.com.br\/novoportal\/wp-content\/uploads\/2023\/02\/WhatsApp-Video-2023-02-06-at-16.53.33.mp4?_=2\" \/><a href=\"https:\/\/www.sudoestehoje.com.br\/novoportal\/wp-content\/uploads\/2023\/02\/WhatsApp-Video-2023-02-06-at-16.53.33.mp4\">https:\/\/www.sudoestehoje.com.br\/novoportal\/wp-content\/uploads\/2023\/02\/WhatsApp-Video-2023-02-06-at-16.53.33.mp4<\/a><\/video><\/div>\n<p>&nbsp;<\/p>\n","protected":false},"excerpt":{"rendered":"<p>Uma batida envolvendo dois ferries-boats que fazem a travessia entre a capital baiana e a Ilha de Itaparica assustou usu\u00e1rios que utilizavam o servi\u00e7o na manh\u00e3 desta segunda-feira (6). N\u00e3o houve feridos em decorr\u00eancia da situa\u00e7\u00e3o, mas expos a precariedade do sistema e necessidade de mudan\u00e7as urgentes. Segundo a empresa respons\u00e1vel pela opera\u00e7\u00e3o, a Internacional [&hellip;]<\/p>\n","protected":false},"author":2,"featured_media":107655,"comment_status":"open","ping_status":"open","sticky":false,"template":"","format":"standard","meta":{"footnotes":"","_links_to":"","_links_to_target":""},"categories":[1],"tags":[],"class_list":["post-107653","post","type-post","status-publish","format-standard","has-post-thumbnail","hentry","category-geral"],"views":699,"_links":{"self":[{"href":"https:\/\/www.sudoestehoje.com.br\/novoportal\/wp-json\/wp\/v2\/posts\/107653","targetHints":{"allow":["GET"]}}],"collection":[{"href":"https:\/\/www.sudoestehoje.com.br\/novoportal\/wp-json\/wp\/v2\/posts"}],"about":[{"href":"https:\/\/www.sudoestehoje.com.br\/novoportal\/wp-json\/wp\/v2\/types\/post"}],"author":[{"embeddable":true,"href":"https:\/\/www.sudoestehoje.com.br\/novoportal\/wp-json\/wp\/v2\/users\/2"}],"replies":[{"embeddable":true,"href":"https:\/\/www.sudoestehoje.com.br\/novoportal\/wp-json\/wp\/v2\/comments?post=107653"}],"version-history":[{"count":3,"href":"https:\/\/www.sudoestehoje.com.br\/novoportal\/wp-json\/wp\/v2\/posts\/107653\/revisions"}],"predecessor-version":[{"id":107659,"href":"https:\/\/www.sudoestehoje.com.br\/novoportal\/wp-json\/wp\/v2\/posts\/107653\/revisions\/107659"}],"wp:featuredmedia":[{"embeddable":true,"href":"https:\/\/www.sudoestehoje.com.br\/novoportal\/wp-json\/wp\/v2\/media\/107655"}],"wp:attachment":[{"href":"https:\/\/www.sudoestehoje.com.br\/novoportal\/wp-json\/wp\/v2\/media?parent=107653"}],"wp:term":[{"taxonomy":"category","embeddable":true,"href":"https:\/\/www.sudoestehoje.com.br\/novoportal\/wp-json\/wp\/v2\/categories?post=107653"},{"taxonomy":"post_tag","embeddable":true,"href":"https:\/\/www.sudoestehoje.com.br\/novoportal\/wp-json\/wp\/v2\/tags?post=107653"}],"curies":[{"name":"wp","href":"https:\/\/api.w.org\/{rel}","templated":true}]}}