
{"id":107647,"date":"2023-02-06T10:42:00","date_gmt":"2023-02-06T13:42:00","guid":{"rendered":"https:\/\/www.sudoestehoje.com.br\/novoportal\/?p=107647"},"modified":"2023-02-06T10:44:38","modified_gmt":"2023-02-06T13:44:38","slug":"prefeitura-de-itapetinga-realiza-reforma-do-colegio-esther-figueiredo-ferraz","status":"publish","type":"post","link":"https:\/\/www.sudoestehoje.com.br\/novoportal\/2023\/02\/06\/prefeitura-de-itapetinga-realiza-reforma-do-colegio-esther-figueiredo-ferraz\/","title":{"rendered":"PREFEITURA DE ITAPETINGA REALIZA REFORMA DO COL\u00c9GIO ESTHER FIGUEIREDO FERRAZ"},"content":{"rendered":"<p><a href=\"https:\/\/www.sudoestehoje.com.br\/novoportal\/wp-content\/uploads\/2023\/02\/WhatsApp-Image-2023-02-06-at-09.55.28.jpeg\"><img loading=\"lazy\" decoding=\"async\" class=\"aligncenter size-medium wp-image-107649\" src=\"https:\/\/www.sudoestehoje.com.br\/novoportal\/wp-content\/uploads\/2023\/02\/WhatsApp-Image-2023-02-06-at-09.55.28-500x375.jpeg\" alt=\"\" width=\"500\" height=\"375\" srcset=\"https:\/\/www.sudoestehoje.com.br\/novoportal\/wp-content\/uploads\/2023\/02\/WhatsApp-Image-2023-02-06-at-09.55.28-500x375.jpeg 500w, https:\/\/www.sudoestehoje.com.br\/novoportal\/wp-content\/uploads\/2023\/02\/WhatsApp-Image-2023-02-06-at-09.55.28-700x525.jpeg 700w, https:\/\/www.sudoestehoje.com.br\/novoportal\/wp-content\/uploads\/2023\/02\/WhatsApp-Image-2023-02-06-at-09.55.28-768x576.jpeg 768w, https:\/\/www.sudoestehoje.com.br\/novoportal\/wp-content\/uploads\/2023\/02\/WhatsApp-Image-2023-02-06-at-09.55.28-1536x1152.jpeg 1536w, https:\/\/www.sudoestehoje.com.br\/novoportal\/wp-content\/uploads\/2023\/02\/WhatsApp-Image-2023-02-06-at-09.55.28.jpeg 1600w\" sizes=\"auto, (max-width: 500px) 100vw, 500px\" \/><\/a><\/p>\n<p>A Prefeitura de Itapetinga, atrav\u00e9s da Secretaria de Educa\u00e7\u00e3o, finalizou a primeira etapa da reforma e amplia\u00e7\u00e3o da Escola Esther Ferraz.<\/p>\n<p>Localizada no bairro Clodoaldo Costa, a Escola Esther Ferraz iniciar\u00e1 o ano letivo de cara nova.<\/p>\n<p>A Secretaria de Educa\u00e7\u00e3o concluiu a primeira etapa da obra de reforma da unidade. Nesta etapa todas as salas de aula foram reformadas contando com forro, novo piso, instala\u00e7\u00e3o de ventiladores e pintura. A escola tamb\u00e9m ganhou um novo dep\u00f3sito e p\u00e1tio cimentado.<\/p>\n<p><a href=\"https:\/\/www.sudoestehoje.com.br\/novoportal\/wp-content\/uploads\/2023\/02\/WhatsApp-Image-2023-02-06-at-09.45.18.jpeg\"><img loading=\"lazy\" decoding=\"async\" class=\"aligncenter size-medium wp-image-107651\" src=\"https:\/\/www.sudoestehoje.com.br\/novoportal\/wp-content\/uploads\/2023\/02\/WhatsApp-Image-2023-02-06-at-09.45.18-500x375.jpeg\" alt=\"\" width=\"500\" height=\"375\" srcset=\"https:\/\/www.sudoestehoje.com.br\/novoportal\/wp-content\/uploads\/2023\/02\/WhatsApp-Image-2023-02-06-at-09.45.18-500x375.jpeg 500w, https:\/\/www.sudoestehoje.com.br\/novoportal\/wp-content\/uploads\/2023\/02\/WhatsApp-Image-2023-02-06-at-09.45.18-700x525.jpeg 700w, https:\/\/www.sudoestehoje.com.br\/novoportal\/wp-content\/uploads\/2023\/02\/WhatsApp-Image-2023-02-06-at-09.45.18-768x576.jpeg 768w, https:\/\/www.sudoestehoje.com.br\/novoportal\/wp-content\/uploads\/2023\/02\/WhatsApp-Image-2023-02-06-at-09.45.18-1536x1152.jpeg 1536w, https:\/\/www.sudoestehoje.com.br\/novoportal\/wp-content\/uploads\/2023\/02\/WhatsApp-Image-2023-02-06-at-09.45.18.jpeg 1600w\" sizes=\"auto, (max-width: 500px) 100vw, 500px\" \/><\/a><\/p>\n<p>Agora inicia a segunda fase da revitaliza\u00e7\u00e3o: a amplia\u00e7\u00e3o. A unidade ir\u00e1 contar com novo m\u00f3dulo administrativo composto por dire\u00e7\u00e3o, secretaria, arquivo morto e sala de Recursos Multifuncionais, al\u00e9m de um amplo refeit\u00f3rio e nova guarita.<\/p>\n<p>A Escola Esther Ferraz foi a primeira escola municipal constru\u00edda pelo ex-prefeito Michel Hagge.<\/p>\n","protected":false},"excerpt":{"rendered":"<p>A Prefeitura de Itapetinga, atrav\u00e9s da Secretaria de Educa\u00e7\u00e3o, finalizou a primeira etapa da reforma e amplia\u00e7\u00e3o da Escola Esther Ferraz. Localizada no bairro Clodoaldo Costa, a Escola Esther Ferraz iniciar\u00e1 o ano letivo de cara nova. A Secretaria de Educa\u00e7\u00e3o concluiu a primeira etapa da obra de reforma da unidade. Nesta etapa todas as [&hellip;]<\/p>\n","protected":false},"author":2,"featured_media":107649,"comment_status":"open","ping_status":"open","sticky":false,"template":"","format":"standard","meta":{"footnotes":"","_links_to":"","_links_to_target":""},"categories":[1],"tags":[],"class_list":["post-107647","post","type-post","status-publish","format-standard","has-post-thumbnail","hentry","category-geral"],"views":845,"_links":{"self":[{"href":"https:\/\/www.sudoestehoje.com.br\/novoportal\/wp-json\/wp\/v2\/posts\/107647","targetHints":{"allow":["GET"]}}],"collection":[{"href":"https:\/\/www.sudoestehoje.com.br\/novoportal\/wp-json\/wp\/v2\/posts"}],"about":[{"href":"https:\/\/www.sudoestehoje.com.br\/novoportal\/wp-json\/wp\/v2\/types\/post"}],"author":[{"embeddable":true,"href":"https:\/\/www.sudoestehoje.com.br\/novoportal\/wp-json\/wp\/v2\/users\/2"}],"replies":[{"embeddable":true,"href":"https:\/\/www.sudoestehoje.com.br\/novoportal\/wp-json\/wp\/v2\/comments?post=107647"}],"version-history":[{"count":3,"href":"https:\/\/www.sudoestehoje.com.br\/novoportal\/wp-json\/wp\/v2\/posts\/107647\/revisions"}],"predecessor-version":[{"id":107652,"href":"https:\/\/www.sudoestehoje.com.br\/novoportal\/wp-json\/wp\/v2\/posts\/107647\/revisions\/107652"}],"wp:featuredmedia":[{"embeddable":true,"href":"https:\/\/www.sudoestehoje.com.br\/novoportal\/wp-json\/wp\/v2\/media\/107649"}],"wp:attachment":[{"href":"https:\/\/www.sudoestehoje.com.br\/novoportal\/wp-json\/wp\/v2\/media?parent=107647"}],"wp:term":[{"taxonomy":"category","embeddable":true,"href":"https:\/\/www.sudoestehoje.com.br\/novoportal\/wp-json\/wp\/v2\/categories?post=107647"},{"taxonomy":"post_tag","embeddable":true,"href":"https:\/\/www.sudoestehoje.com.br\/novoportal\/wp-json\/wp\/v2\/tags?post=107647"}],"curies":[{"name":"wp","href":"https:\/\/api.w.org\/{rel}","templated":true}]}}