
{"id":107644,"date":"2023-02-06T10:17:08","date_gmt":"2023-02-06T13:17:08","guid":{"rendered":"https:\/\/www.sudoestehoje.com.br\/novoportal\/?p=107644"},"modified":"2023-02-06T10:17:08","modified_gmt":"2023-02-06T13:17:08","slug":"acidente-entre-2-onibus-deixa-ao-menos-15-feridos-na-br-116-em-feira-de-santana","status":"publish","type":"post","link":"https:\/\/www.sudoestehoje.com.br\/novoportal\/2023\/02\/06\/acidente-entre-2-onibus-deixa-ao-menos-15-feridos-na-br-116-em-feira-de-santana\/","title":{"rendered":"ACIDENTE ENTRE 2 \u00d4NIBUS DEIXA AO MENOS 15 FERIDOS NA BR-116 EM FEIRA DE SANTANA"},"content":{"rendered":"<p><a href=\"https:\/\/www.sudoestehoje.com.br\/novoportal\/wp-content\/uploads\/2023\/02\/0-2-6.jpg\"><img loading=\"lazy\" decoding=\"async\" class=\"aligncenter size-medium wp-image-107645\" src=\"https:\/\/www.sudoestehoje.com.br\/novoportal\/wp-content\/uploads\/2023\/02\/0-2-6-500x306.jpg\" alt=\"\" width=\"500\" height=\"306\" srcset=\"https:\/\/www.sudoestehoje.com.br\/novoportal\/wp-content\/uploads\/2023\/02\/0-2-6-500x306.jpg 500w, https:\/\/www.sudoestehoje.com.br\/novoportal\/wp-content\/uploads\/2023\/02\/0-2-6.jpg 700w\" sizes=\"auto, (max-width: 500px) 100vw, 500px\" \/><\/a><\/p>\n<p>Um acidente envolvendo dois \u00f4nibus foi registrado na manh\u00e3 deste domingo (5) na BR-116 Norte, trecho do bairro Novo Horizonte, em Feira de Santana.<\/p>\n<p>Um v\u00eddeo que est\u00e1 circulando nas redes sociais, mostra o fundo do \u00f4nibus da empresa Rosa atingido pelo outro \u00f4nibus, que segundo populares, se trata de um ve\u00edculo de turismo.<\/p>\n<p>Ainda no v\u00eddeo, \u00e9 poss\u00edvel identificar algumas pessoas sentadas no ch\u00e3o aguardando socorro.<\/p>\n<p>De acordo com o portal Calila Not\u00edcias, parceiro do Acorda Cidade, o \u00f4nibus de turismo seguia da cidade de P\u00e9 de Serra para o munic\u00edpio de Candeias, e cerca de 15 pessoas ficaram feridas ap\u00f3s o impacto.<\/p>\n<p>Ainda segundo o portal, v\u00e1rias ambul\u00e2ncias do Servi\u00e7o de Atendimento M\u00f3vel de Urg\u00eancia (Samu) foram acionadas para prestarem os socorros. A maioria das v\u00edtimas eram idosos, que foram encaminhados para o Hospital Geral Cl\u00e9riston Andrade (HGCA).<\/p>\n<p>Cerca de 50 passageiros que estavam no \u00f4nibus de turismo, seguiam para uma romaria na cidade de Candeias. N\u00e3o h\u00e1 informa\u00e7\u00f5es sobre o estado de sa\u00fade das v\u00edtimas.<\/p>\n","protected":false},"excerpt":{"rendered":"<p>Um acidente envolvendo dois \u00f4nibus foi registrado na manh\u00e3 deste domingo (5) na BR-116 Norte, trecho do bairro Novo Horizonte, em Feira de Santana. Um v\u00eddeo que est\u00e1 circulando nas redes sociais, mostra o fundo do \u00f4nibus da empresa Rosa atingido pelo outro \u00f4nibus, que segundo populares, se trata de um ve\u00edculo de turismo. Ainda [&hellip;]<\/p>\n","protected":false},"author":2,"featured_media":107645,"comment_status":"open","ping_status":"open","sticky":false,"template":"","format":"standard","meta":{"footnotes":"","_links_to":"","_links_to_target":""},"categories":[1],"tags":[],"class_list":["post-107644","post","type-post","status-publish","format-standard","has-post-thumbnail","hentry","category-geral"],"views":612,"_links":{"self":[{"href":"https:\/\/www.sudoestehoje.com.br\/novoportal\/wp-json\/wp\/v2\/posts\/107644","targetHints":{"allow":["GET"]}}],"collection":[{"href":"https:\/\/www.sudoestehoje.com.br\/novoportal\/wp-json\/wp\/v2\/posts"}],"about":[{"href":"https:\/\/www.sudoestehoje.com.br\/novoportal\/wp-json\/wp\/v2\/types\/post"}],"author":[{"embeddable":true,"href":"https:\/\/www.sudoestehoje.com.br\/novoportal\/wp-json\/wp\/v2\/users\/2"}],"replies":[{"embeddable":true,"href":"https:\/\/www.sudoestehoje.com.br\/novoportal\/wp-json\/wp\/v2\/comments?post=107644"}],"version-history":[{"count":1,"href":"https:\/\/www.sudoestehoje.com.br\/novoportal\/wp-json\/wp\/v2\/posts\/107644\/revisions"}],"predecessor-version":[{"id":107646,"href":"https:\/\/www.sudoestehoje.com.br\/novoportal\/wp-json\/wp\/v2\/posts\/107644\/revisions\/107646"}],"wp:featuredmedia":[{"embeddable":true,"href":"https:\/\/www.sudoestehoje.com.br\/novoportal\/wp-json\/wp\/v2\/media\/107645"}],"wp:attachment":[{"href":"https:\/\/www.sudoestehoje.com.br\/novoportal\/wp-json\/wp\/v2\/media?parent=107644"}],"wp:term":[{"taxonomy":"category","embeddable":true,"href":"https:\/\/www.sudoestehoje.com.br\/novoportal\/wp-json\/wp\/v2\/categories?post=107644"},{"taxonomy":"post_tag","embeddable":true,"href":"https:\/\/www.sudoestehoje.com.br\/novoportal\/wp-json\/wp\/v2\/tags?post=107644"}],"curies":[{"name":"wp","href":"https:\/\/api.w.org\/{rel}","templated":true}]}}