
{"id":107641,"date":"2023-02-06T10:05:34","date_gmt":"2023-02-06T13:05:34","guid":{"rendered":"https:\/\/www.sudoestehoje.com.br\/novoportal\/?p=107641"},"modified":"2023-02-06T10:05:34","modified_gmt":"2023-02-06T13:05:34","slug":"sudoeste-integrantes-do-mst-invadem-duas-fazendas-na-regiao-de-jaguaquara","status":"publish","type":"post","link":"https:\/\/www.sudoestehoje.com.br\/novoportal\/2023\/02\/06\/sudoeste-integrantes-do-mst-invadem-duas-fazendas-na-regiao-de-jaguaquara\/","title":{"rendered":"SUDOESTE : INTEGRANTES DO MST INVADEM DUAS FAZENDAS NA REGI\u00c3O DE JAGUAQUARA"},"content":{"rendered":"<p><a href=\"https:\/\/www.sudoestehoje.com.br\/novoportal\/wp-content\/uploads\/2023\/02\/1-2.jpg\"><img loading=\"lazy\" decoding=\"async\" class=\"aligncenter size-medium wp-image-107642\" src=\"https:\/\/www.sudoestehoje.com.br\/novoportal\/wp-content\/uploads\/2023\/02\/1-2-500x291.jpg\" alt=\"\" width=\"500\" height=\"291\" srcset=\"https:\/\/www.sudoestehoje.com.br\/novoportal\/wp-content\/uploads\/2023\/02\/1-2-500x291.jpg 500w, https:\/\/www.sudoestehoje.com.br\/novoportal\/wp-content\/uploads\/2023\/02\/1-2.jpg 700w\" sizes=\"auto, (max-width: 500px) 100vw, 500px\" \/><\/a><\/p>\n<p>Integrantes do Movimento dos Trabalhadores Rurais Sem Terra (MST) ocuparam duas fazendas no Vale do Jiquiri\u00e7\u00e1 em duas semanas.<\/p>\n<p>A primeira a\u00e7\u00e3o ocorreu no dia (30\/01), quando homens e mulheres caracterizados de assentados com bandeira e bon\u00e9s do MST ocuparam uma fazenda que funcionava como sede da extinta EBDA \u2013 Empresa Baiana de Desenvolvimento Agr\u00edcola, entre os munic\u00edpios de Jaguaquara e Itiru\u00e7u, cuja \u00e1rea de 3 mil hectares ainda pertence ao Estado e foi cedida pelo Governo \u00e0 Prefeitura de Itiru\u00e7u, para uso do espa\u00e7o.<\/p>\n<p>Neste domingo (05), integrantes do mesmo grupo adentraram numa estruturada fazenda que fica \u00e0s margens da BA-250, denominada Fazenda S\u00e3o Jorge Correia, pertencente a herdeiros de um fazendeiro da regi\u00e3o, com 200 hectares.<\/p>\n","protected":false},"excerpt":{"rendered":"<p>Integrantes do Movimento dos Trabalhadores Rurais Sem Terra (MST) ocuparam duas fazendas no Vale do Jiquiri\u00e7\u00e1 em duas semanas. A primeira a\u00e7\u00e3o ocorreu no dia (30\/01), quando homens e mulheres caracterizados de assentados com bandeira e bon\u00e9s do MST ocuparam uma fazenda que funcionava como sede da extinta EBDA \u2013 Empresa Baiana de Desenvolvimento Agr\u00edcola, [&hellip;]<\/p>\n","protected":false},"author":2,"featured_media":107642,"comment_status":"open","ping_status":"open","sticky":false,"template":"","format":"standard","meta":{"footnotes":"","_links_to":"","_links_to_target":""},"categories":[1],"tags":[],"class_list":["post-107641","post","type-post","status-publish","format-standard","has-post-thumbnail","hentry","category-geral"],"views":856,"_links":{"self":[{"href":"https:\/\/www.sudoestehoje.com.br\/novoportal\/wp-json\/wp\/v2\/posts\/107641","targetHints":{"allow":["GET"]}}],"collection":[{"href":"https:\/\/www.sudoestehoje.com.br\/novoportal\/wp-json\/wp\/v2\/posts"}],"about":[{"href":"https:\/\/www.sudoestehoje.com.br\/novoportal\/wp-json\/wp\/v2\/types\/post"}],"author":[{"embeddable":true,"href":"https:\/\/www.sudoestehoje.com.br\/novoportal\/wp-json\/wp\/v2\/users\/2"}],"replies":[{"embeddable":true,"href":"https:\/\/www.sudoestehoje.com.br\/novoportal\/wp-json\/wp\/v2\/comments?post=107641"}],"version-history":[{"count":1,"href":"https:\/\/www.sudoestehoje.com.br\/novoportal\/wp-json\/wp\/v2\/posts\/107641\/revisions"}],"predecessor-version":[{"id":107643,"href":"https:\/\/www.sudoestehoje.com.br\/novoportal\/wp-json\/wp\/v2\/posts\/107641\/revisions\/107643"}],"wp:featuredmedia":[{"embeddable":true,"href":"https:\/\/www.sudoestehoje.com.br\/novoportal\/wp-json\/wp\/v2\/media\/107642"}],"wp:attachment":[{"href":"https:\/\/www.sudoestehoje.com.br\/novoportal\/wp-json\/wp\/v2\/media?parent=107641"}],"wp:term":[{"taxonomy":"category","embeddable":true,"href":"https:\/\/www.sudoestehoje.com.br\/novoportal\/wp-json\/wp\/v2\/categories?post=107641"},{"taxonomy":"post_tag","embeddable":true,"href":"https:\/\/www.sudoestehoje.com.br\/novoportal\/wp-json\/wp\/v2\/tags?post=107641"}],"curies":[{"name":"wp","href":"https:\/\/api.w.org\/{rel}","templated":true}]}}