
{"id":107636,"date":"2023-02-06T09:52:46","date_gmt":"2023-02-06T12:52:46","guid":{"rendered":"https:\/\/www.sudoestehoje.com.br\/novoportal\/?p=107636"},"modified":"2023-02-06T09:52:46","modified_gmt":"2023-02-06T12:52:46","slug":"incendio-atinge-loja-no-centro-de-vitoria-da-conquista-nao-houve-vitimas","status":"publish","type":"post","link":"https:\/\/www.sudoestehoje.com.br\/novoportal\/2023\/02\/06\/incendio-atinge-loja-no-centro-de-vitoria-da-conquista-nao-houve-vitimas\/","title":{"rendered":"INC\u00caNDIO ATINGE LOJA NO CENTRO DE VIT\u00d3RIA DA CONQUISTA; N\u00c3O HOUVE V\u00cdTIMAS"},"content":{"rendered":"<p><a href=\"https:\/\/www.sudoestehoje.com.br\/novoportal\/wp-content\/uploads\/2023\/02\/IMAGEM_NOTICIA_5.webp\"><img loading=\"lazy\" decoding=\"async\" class=\"aligncenter size-medium wp-image-107638\" src=\"https:\/\/www.sudoestehoje.com.br\/novoportal\/wp-content\/uploads\/2023\/02\/IMAGEM_NOTICIA_5-500x318.webp\" alt=\"\" width=\"500\" height=\"318\" srcset=\"https:\/\/www.sudoestehoje.com.br\/novoportal\/wp-content\/uploads\/2023\/02\/IMAGEM_NOTICIA_5-500x318.webp 500w, https:\/\/www.sudoestehoje.com.br\/novoportal\/wp-content\/uploads\/2023\/02\/IMAGEM_NOTICIA_5.webp 597w\" sizes=\"auto, (max-width: 500px) 100vw, 500px\" \/><\/a><\/p>\n<p style=\"font-weight: 400;\">Agentes do Corpo de Bombeiros da Bahia (1\u00b0SGBM) debelaram um inc\u00eandio, no in\u00edcio da manh\u00e3 de\u00a0domingo (6), que atingiu um dep\u00f3sito de bebidas em Vit\u00f3ria da Conquista, sudoeste baiano.<\/p>\n<p style=\"font-weight: 400;\">As chamas iniciaram por volta das 4h22 da manh\u00e3 e n\u00e3o chegaram a atingir outros estabelecimentos.<\/p>\n<p style=\"font-weight: 400;\">De acordo com informa\u00e7\u00f5es dos bombeiros, o trabalho de combate \u00e0s chamas pela manh\u00e3 durou duas horas at\u00e9 o rescaldo (remexer o material queimado).<\/p>\n<p style=\"font-weight: 400;\">Entretanto, pela tarde, \u00e0s 13h30, os bombeiros militares retornaram ao local devido a nova solicita\u00e7\u00e3o pela presen\u00e7a de fuma\u00e7a, mas n\u00e3o haviam novos focos e sim fuma\u00e7a de algum material ainda quente, sendo necess\u00e1rio a realiza\u00e7\u00e3o de um novo rescaldo.<\/p>\n<p style=\"font-weight: 400;\">At\u00e9 o momento as causas do inc\u00eandio n\u00e3o foram identificadas. N\u00e3o houve registro de v\u00edtimas.<\/p>\n","protected":false},"excerpt":{"rendered":"<p>Agentes do Corpo de Bombeiros da Bahia (1\u00b0SGBM) debelaram um inc\u00eandio, no in\u00edcio da manh\u00e3 de\u00a0domingo (6), que atingiu um dep\u00f3sito de bebidas em Vit\u00f3ria da Conquista, sudoeste baiano. As chamas iniciaram por volta das 4h22 da manh\u00e3 e n\u00e3o chegaram a atingir outros estabelecimentos. De acordo com informa\u00e7\u00f5es dos bombeiros, o trabalho de combate [&hellip;]<\/p>\n","protected":false},"author":2,"featured_media":107638,"comment_status":"open","ping_status":"open","sticky":false,"template":"","format":"standard","meta":{"footnotes":"","_links_to":"","_links_to_target":""},"categories":[1],"tags":[],"class_list":["post-107636","post","type-post","status-publish","format-standard","has-post-thumbnail","hentry","category-geral"],"views":633,"_links":{"self":[{"href":"https:\/\/www.sudoestehoje.com.br\/novoportal\/wp-json\/wp\/v2\/posts\/107636","targetHints":{"allow":["GET"]}}],"collection":[{"href":"https:\/\/www.sudoestehoje.com.br\/novoportal\/wp-json\/wp\/v2\/posts"}],"about":[{"href":"https:\/\/www.sudoestehoje.com.br\/novoportal\/wp-json\/wp\/v2\/types\/post"}],"author":[{"embeddable":true,"href":"https:\/\/www.sudoestehoje.com.br\/novoportal\/wp-json\/wp\/v2\/users\/2"}],"replies":[{"embeddable":true,"href":"https:\/\/www.sudoestehoje.com.br\/novoportal\/wp-json\/wp\/v2\/comments?post=107636"}],"version-history":[{"count":3,"href":"https:\/\/www.sudoestehoje.com.br\/novoportal\/wp-json\/wp\/v2\/posts\/107636\/revisions"}],"predecessor-version":[{"id":107640,"href":"https:\/\/www.sudoestehoje.com.br\/novoportal\/wp-json\/wp\/v2\/posts\/107636\/revisions\/107640"}],"wp:featuredmedia":[{"embeddable":true,"href":"https:\/\/www.sudoestehoje.com.br\/novoportal\/wp-json\/wp\/v2\/media\/107638"}],"wp:attachment":[{"href":"https:\/\/www.sudoestehoje.com.br\/novoportal\/wp-json\/wp\/v2\/media?parent=107636"}],"wp:term":[{"taxonomy":"category","embeddable":true,"href":"https:\/\/www.sudoestehoje.com.br\/novoportal\/wp-json\/wp\/v2\/categories?post=107636"},{"taxonomy":"post_tag","embeddable":true,"href":"https:\/\/www.sudoestehoje.com.br\/novoportal\/wp-json\/wp\/v2\/tags?post=107636"}],"curies":[{"name":"wp","href":"https:\/\/api.w.org\/{rel}","templated":true}]}}