
{"id":107627,"date":"2023-02-04T22:12:09","date_gmt":"2023-02-05T01:12:09","guid":{"rendered":"https:\/\/www.sudoestehoje.com.br\/novoportal\/?p=107627"},"modified":"2023-02-04T22:12:09","modified_gmt":"2023-02-05T01:12:09","slug":"marinha-afunda-porta-avioes-sucateado","status":"publish","type":"post","link":"https:\/\/www.sudoestehoje.com.br\/novoportal\/2023\/02\/04\/marinha-afunda-porta-avioes-sucateado\/","title":{"rendered":"MARINHA AFUNDA PORTA-AVI\u00d5ES SUCATEADO"},"content":{"rendered":"<p><a href=\"https:\/\/www.sudoestehoje.com.br\/novoportal\/wp-content\/uploads\/2023\/02\/ex-porta-avioes-sao-paulo-1662726656341_v2_900x506.jpg\"><img loading=\"lazy\" decoding=\"async\" class=\"aligncenter size-medium wp-image-107628\" src=\"https:\/\/www.sudoestehoje.com.br\/novoportal\/wp-content\/uploads\/2023\/02\/ex-porta-avioes-sao-paulo-1662726656341_v2_900x506-500x281.jpg\" alt=\"\" width=\"500\" height=\"281\" srcset=\"https:\/\/www.sudoestehoje.com.br\/novoportal\/wp-content\/uploads\/2023\/02\/ex-porta-avioes-sao-paulo-1662726656341_v2_900x506-500x281.jpg 500w, https:\/\/www.sudoestehoje.com.br\/novoportal\/wp-content\/uploads\/2023\/02\/ex-porta-avioes-sao-paulo-1662726656341_v2_900x506-700x394.jpg 700w, https:\/\/www.sudoestehoje.com.br\/novoportal\/wp-content\/uploads\/2023\/02\/ex-porta-avioes-sao-paulo-1662726656341_v2_900x506-768x432.jpg 768w, https:\/\/www.sudoestehoje.com.br\/novoportal\/wp-content\/uploads\/2023\/02\/ex-porta-avioes-sao-paulo-1662726656341_v2_900x506.jpg 900w\" sizes=\"auto, (max-width: 500px) 100vw, 500px\" \/><\/a><\/p>\n<p>A Marinha do Brasil afundou o porta-avi\u00f5es S\u00e3o Paulo na tarde dessa sexta-feira (3), ap\u00f3s meses de tentativas de dar um destino \u00e0 embarca\u00e7\u00e3o. Segundo nota divulgada pela for\u00e7a, o afundamento foi realizado de forma controlada e planejada, a 350 quil\u00f4metros da costa brasileira, em uma regi\u00e3o com cerca de 5 mil metros de profundidade.<\/p>\n<p>\u201cO procedimento foi conduzido com as necess\u00e1rias compet\u00eancia t\u00e9cnica e seguran\u00e7a pela Marinha do Brasil, a fim de evitar preju\u00edzos de ordem log\u00edstica, operacional, ambiental e econ\u00f4mica ao Estado brasileiro\u201d, acrescenta o comunicado assinado tamb\u00e9m pelo Minist\u00e9rio da Defesa e pela Advocacia-Geral da Uni\u00e3o (AGU).<\/p>\n<p>A decis\u00e3o pelo afundamento do navio foi anunciada na \u00faltima quarta-feira (1\u00b0) ap\u00f3s a empresa turca Denizcilik (S\u00d6K), que havia comprado, em 2021, o casco para reciclagem, abandonar a embarca\u00e7\u00e3o. O porta-avi\u00f5es retornou ao Brasil porque a Turquia cancelou a autoriza\u00e7\u00e3o que havia emitido para a exporta\u00e7\u00e3o no fim de julho de 2022.<\/p>\n","protected":false},"excerpt":{"rendered":"<p>A Marinha do Brasil afundou o porta-avi\u00f5es S\u00e3o Paulo na tarde dessa sexta-feira (3), ap\u00f3s meses de tentativas de dar um destino \u00e0 embarca\u00e7\u00e3o. Segundo nota divulgada pela for\u00e7a, o afundamento foi realizado de forma controlada e planejada, a 350 quil\u00f4metros da costa brasileira, em uma regi\u00e3o com cerca de 5 mil metros de profundidade. [&hellip;]<\/p>\n","protected":false},"author":2,"featured_media":107628,"comment_status":"open","ping_status":"open","sticky":false,"template":"","format":"standard","meta":{"footnotes":"","_links_to":"","_links_to_target":""},"categories":[1],"tags":[],"class_list":["post-107627","post","type-post","status-publish","format-standard","has-post-thumbnail","hentry","category-geral"],"views":636,"_links":{"self":[{"href":"https:\/\/www.sudoestehoje.com.br\/novoportal\/wp-json\/wp\/v2\/posts\/107627","targetHints":{"allow":["GET"]}}],"collection":[{"href":"https:\/\/www.sudoestehoje.com.br\/novoportal\/wp-json\/wp\/v2\/posts"}],"about":[{"href":"https:\/\/www.sudoestehoje.com.br\/novoportal\/wp-json\/wp\/v2\/types\/post"}],"author":[{"embeddable":true,"href":"https:\/\/www.sudoestehoje.com.br\/novoportal\/wp-json\/wp\/v2\/users\/2"}],"replies":[{"embeddable":true,"href":"https:\/\/www.sudoestehoje.com.br\/novoportal\/wp-json\/wp\/v2\/comments?post=107627"}],"version-history":[{"count":2,"href":"https:\/\/www.sudoestehoje.com.br\/novoportal\/wp-json\/wp\/v2\/posts\/107627\/revisions"}],"predecessor-version":[{"id":107630,"href":"https:\/\/www.sudoestehoje.com.br\/novoportal\/wp-json\/wp\/v2\/posts\/107627\/revisions\/107630"}],"wp:featuredmedia":[{"embeddable":true,"href":"https:\/\/www.sudoestehoje.com.br\/novoportal\/wp-json\/wp\/v2\/media\/107628"}],"wp:attachment":[{"href":"https:\/\/www.sudoestehoje.com.br\/novoportal\/wp-json\/wp\/v2\/media?parent=107627"}],"wp:term":[{"taxonomy":"category","embeddable":true,"href":"https:\/\/www.sudoestehoje.com.br\/novoportal\/wp-json\/wp\/v2\/categories?post=107627"},{"taxonomy":"post_tag","embeddable":true,"href":"https:\/\/www.sudoestehoje.com.br\/novoportal\/wp-json\/wp\/v2\/tags?post=107627"}],"curies":[{"name":"wp","href":"https:\/\/api.w.org\/{rel}","templated":true}]}}