
{"id":107621,"date":"2023-02-04T21:54:44","date_gmt":"2023-02-05T00:54:44","guid":{"rendered":"https:\/\/www.sudoestehoje.com.br\/novoportal\/?p=107621"},"modified":"2023-02-04T21:58:31","modified_gmt":"2023-02-05T00:58:31","slug":"volta-as-aulas-movimentou-o-comercio-de-itapetinga-neste-sabado","status":"publish","type":"post","link":"https:\/\/www.sudoestehoje.com.br\/novoportal\/2023\/02\/04\/volta-as-aulas-movimentou-o-comercio-de-itapetinga-neste-sabado\/","title":{"rendered":"VOLTA \u00c0S AULAS MOVIMENTOU O COM\u00c9RCIO DE ITAPETINGA NESTE S\u00c1BADO"},"content":{"rendered":"<p><a href=\"https:\/\/www.sudoestehoje.com.br\/novoportal\/wp-content\/uploads\/2023\/02\/WhatsApp-Image-2023-02-04-at-21.46.04.jpeg\"><img loading=\"lazy\" decoding=\"async\" class=\"aligncenter size-medium wp-image-107622\" src=\"https:\/\/www.sudoestehoje.com.br\/novoportal\/wp-content\/uploads\/2023\/02\/WhatsApp-Image-2023-02-04-at-21.46.04-500x282.jpeg\" alt=\"\" width=\"500\" height=\"282\" srcset=\"https:\/\/www.sudoestehoje.com.br\/novoportal\/wp-content\/uploads\/2023\/02\/WhatsApp-Image-2023-02-04-at-21.46.04-500x282.jpeg 500w, https:\/\/www.sudoestehoje.com.br\/novoportal\/wp-content\/uploads\/2023\/02\/WhatsApp-Image-2023-02-04-at-21.46.04-700x394.jpeg 700w, https:\/\/www.sudoestehoje.com.br\/novoportal\/wp-content\/uploads\/2023\/02\/WhatsApp-Image-2023-02-04-at-21.46.04-768x432.jpeg 768w, https:\/\/www.sudoestehoje.com.br\/novoportal\/wp-content\/uploads\/2023\/02\/WhatsApp-Image-2023-02-04-at-21.46.04-1536x865.jpeg 1536w, https:\/\/www.sudoestehoje.com.br\/novoportal\/wp-content\/uploads\/2023\/02\/WhatsApp-Image-2023-02-04-at-21.46.04.jpeg 1600w\" sizes=\"auto, (max-width: 500px) 100vw, 500px\" \/><\/a><\/p>\n<p>Com o retorno das aulas previsto para a pr\u00f3xima segunda-feira (6), tanto nas escolas municipais, estaduais e rede particular, o com\u00e9rcio de Itapetinga experimentou uma movimenta\u00e7\u00e3o at\u00edpica de consumidores, neste s\u00e1bado (4), na busca de materiais escolares, cal\u00e7ados, fardamentos e outros g\u00eaneros relacionados ao setor escolar.<\/p>\n<p>A busca pelos itens da lista de materiais escolares, que teve in\u00edcio no come\u00e7o do m\u00eas, se intensificou nas papelarias locais a partir da segunda quinzena de janeiro, mas a turma da &#8216;\u00faltima hora&#8217;, s\u00f3 entrou mesmo em campo neste s\u00e1bado e deve continuar na pr\u00f3xima semana.<\/p>\n<p>Outro segmento onde costuma aumentar o fluxo de clientes nesse per\u00edodo, \u00e9 o das malharias, quando as costureiras e m\u00e1quinas trabalham a todo vapor para dar conta da alta demanda, da \u00e9poca que antecede a volta \u00e0s aulas.<\/p>\n<p>Localizada fora do centro comercial, a tradicional papelaria<em><strong> &#8216;PAPEL &amp; CIA&#8217;<\/strong> <\/em>oferece, desde o in\u00edcio do ano, a linha completa de materiais escolares, sem falar do espa\u00e7o amplo na sua loja e estacionamento f\u00e1cil no seu entorno, al\u00e9m de oferecer promo\u00e7\u00f5es e maiores prazos nas compras pelo cart\u00e3o.<\/p>\n<p><a href=\"https:\/\/www.sudoestehoje.com.br\/novoportal\/wp-content\/uploads\/2023\/02\/327346934_1140907719950411_8060409573513966950_n.jpg\"><img loading=\"lazy\" decoding=\"async\" class=\"aligncenter size-medium wp-image-107623\" src=\"https:\/\/www.sudoestehoje.com.br\/novoportal\/wp-content\/uploads\/2023\/02\/327346934_1140907719950411_8060409573513966950_n-500x500.jpg\" alt=\"\" width=\"500\" height=\"500\" srcset=\"https:\/\/www.sudoestehoje.com.br\/novoportal\/wp-content\/uploads\/2023\/02\/327346934_1140907719950411_8060409573513966950_n-500x500.jpg 500w, https:\/\/www.sudoestehoje.com.br\/novoportal\/wp-content\/uploads\/2023\/02\/327346934_1140907719950411_8060409573513966950_n-150x150.jpg 150w, https:\/\/www.sudoestehoje.com.br\/novoportal\/wp-content\/uploads\/2023\/02\/327346934_1140907719950411_8060409573513966950_n.jpg 526w\" sizes=\"auto, (max-width: 500px) 100vw, 500px\" \/><\/a><\/p>\n<p><em><strong>Por Davi Ferraz<\/strong><\/em><\/p>\n","protected":false},"excerpt":{"rendered":"<p>Com o retorno das aulas previsto para a pr\u00f3xima segunda-feira (6), tanto nas escolas municipais, estaduais e rede particular, o com\u00e9rcio de Itapetinga experimentou uma movimenta\u00e7\u00e3o at\u00edpica de consumidores, neste s\u00e1bado (4), na busca de materiais escolares, cal\u00e7ados, fardamentos e outros g\u00eaneros relacionados ao setor escolar. A busca pelos itens da lista de materiais escolares, [&hellip;]<\/p>\n","protected":false},"author":2,"featured_media":107622,"comment_status":"open","ping_status":"open","sticky":false,"template":"","format":"standard","meta":{"footnotes":"","_links_to":"","_links_to_target":""},"categories":[1],"tags":[],"class_list":["post-107621","post","type-post","status-publish","format-standard","has-post-thumbnail","hentry","category-geral"],"views":853,"_links":{"self":[{"href":"https:\/\/www.sudoestehoje.com.br\/novoportal\/wp-json\/wp\/v2\/posts\/107621","targetHints":{"allow":["GET"]}}],"collection":[{"href":"https:\/\/www.sudoestehoje.com.br\/novoportal\/wp-json\/wp\/v2\/posts"}],"about":[{"href":"https:\/\/www.sudoestehoje.com.br\/novoportal\/wp-json\/wp\/v2\/types\/post"}],"author":[{"embeddable":true,"href":"https:\/\/www.sudoestehoje.com.br\/novoportal\/wp-json\/wp\/v2\/users\/2"}],"replies":[{"embeddable":true,"href":"https:\/\/www.sudoestehoje.com.br\/novoportal\/wp-json\/wp\/v2\/comments?post=107621"}],"version-history":[{"count":3,"href":"https:\/\/www.sudoestehoje.com.br\/novoportal\/wp-json\/wp\/v2\/posts\/107621\/revisions"}],"predecessor-version":[{"id":107626,"href":"https:\/\/www.sudoestehoje.com.br\/novoportal\/wp-json\/wp\/v2\/posts\/107621\/revisions\/107626"}],"wp:featuredmedia":[{"embeddable":true,"href":"https:\/\/www.sudoestehoje.com.br\/novoportal\/wp-json\/wp\/v2\/media\/107622"}],"wp:attachment":[{"href":"https:\/\/www.sudoestehoje.com.br\/novoportal\/wp-json\/wp\/v2\/media?parent=107621"}],"wp:term":[{"taxonomy":"category","embeddable":true,"href":"https:\/\/www.sudoestehoje.com.br\/novoportal\/wp-json\/wp\/v2\/categories?post=107621"},{"taxonomy":"post_tag","embeddable":true,"href":"https:\/\/www.sudoestehoje.com.br\/novoportal\/wp-json\/wp\/v2\/tags?post=107621"}],"curies":[{"name":"wp","href":"https:\/\/api.w.org\/{rel}","templated":true}]}}