
{"id":107585,"date":"2023-02-01T19:38:13","date_gmt":"2023-02-01T22:38:13","guid":{"rendered":"https:\/\/www.sudoestehoje.com.br\/novoportal\/?p=107585"},"modified":"2023-02-01T19:43:49","modified_gmt":"2023-02-01T22:43:49","slug":"pedro-tavares-ressalta-expectativa-de-trabalhar-ainda-mais-pelos-municipios-baianos-no-novo-mandato","status":"publish","type":"post","link":"https:\/\/www.sudoestehoje.com.br\/novoportal\/2023\/02\/01\/pedro-tavares-ressalta-expectativa-de-trabalhar-ainda-mais-pelos-municipios-baianos-no-novo-mandato\/","title":{"rendered":"PEDRO TAVARES RESSALTA EXPECTATIVA DE TRABALHAR AINDA MAIS PELOS MUNIC\u00cdPIOS BAIANOS NO NOVO MANDATO"},"content":{"rendered":"<p><a href=\"https:\/\/www.sudoestehoje.com.br\/novoportal\/wp-content\/uploads\/2023\/02\/8ca29e75-351c-49c1-956c-b2d72a676c4a.jpg\"><img loading=\"lazy\" decoding=\"async\" class=\"aligncenter size-medium wp-image-107586\" src=\"https:\/\/www.sudoestehoje.com.br\/novoportal\/wp-content\/uploads\/2023\/02\/8ca29e75-351c-49c1-956c-b2d72a676c4a-500x349.jpg\" alt=\"\" width=\"500\" height=\"349\" srcset=\"https:\/\/www.sudoestehoje.com.br\/novoportal\/wp-content\/uploads\/2023\/02\/8ca29e75-351c-49c1-956c-b2d72a676c4a-500x349.jpg 500w, https:\/\/www.sudoestehoje.com.br\/novoportal\/wp-content\/uploads\/2023\/02\/8ca29e75-351c-49c1-956c-b2d72a676c4a-700x488.jpg 700w, https:\/\/www.sudoestehoje.com.br\/novoportal\/wp-content\/uploads\/2023\/02\/8ca29e75-351c-49c1-956c-b2d72a676c4a-768x536.jpg 768w, https:\/\/www.sudoestehoje.com.br\/novoportal\/wp-content\/uploads\/2023\/02\/8ca29e75-351c-49c1-956c-b2d72a676c4a.jpg 1197w\" sizes=\"auto, (max-width: 500px) 100vw, 500px\" \/><\/a><\/p>\n<p>Ao tomar posse como deputado estadual para o quarto mandato, hoje (01\/02), na Assembleia Legislativa da Bahia, Pedro Tavares (Uni\u00e3o \u2013 Brasil) ressaltou a expectativa de trabalhar ainda mais em favor das demandas dos munic\u00edpios baianos. Entre os parlamentares estaduais mais votados e que mais visitam o interior da Bahia, Tavares frisou que conhece de perto a realidade dos munic\u00edpios e da popula\u00e7\u00e3o, que apela por melhorias em \u00e1reas b\u00e1sicas, como sa\u00fade e seguran\u00e7a, al\u00e9m de mais investimentos no desenvolvimento econ\u00f4mico, que gere mais emprego e renda.<\/p>\n<p>\u201c<em>Ser\u00e1 uma honra representar os munic\u00edpios baianos no Parlamento Estadual, renovando o nosso compromisso de mais trabalho em favor dos munic\u00edpios e do nosso povo, que tanto anseia por avan\u00e7os. Aproveito mais uma vez para agradecer de cora\u00e7\u00e3o aos mais de 80 mil baianos que confiaram em nossa caminhada de luta em favor do nosso estado. Vamos seguir juntos nessa jornada em busca de melhorias para a Bahia\u201d<\/em>, afirmou.<\/p>\n<p>O deputado pretende dar continuidade a apresenta\u00e7\u00e3o de propostas voltadas a melhorar as diversas \u00e1reas do estado e as pol\u00edticas p\u00fablicas para a popula\u00e7\u00e3o.<br \/>\nNa cerim\u00f4nia de posse para a 20a legislatura, os deputados estaduais prestaram juramento de fidelidade ao desempenho de suas fun\u00e7\u00f5es. \/\/<strong><em>Ascom<\/em><\/strong><\/p>\n","protected":false},"excerpt":{"rendered":"<p>Ao tomar posse como deputado estadual para o quarto mandato, hoje (01\/02), na Assembleia Legislativa da Bahia, Pedro Tavares (Uni\u00e3o \u2013 Brasil) ressaltou a expectativa de trabalhar ainda mais em favor das demandas dos munic\u00edpios baianos. Entre os parlamentares estaduais mais votados e que mais visitam o interior da Bahia, Tavares frisou que conhece de [&hellip;]<\/p>\n","protected":false},"author":2,"featured_media":107586,"comment_status":"open","ping_status":"open","sticky":false,"template":"","format":"standard","meta":{"footnotes":"","_links_to":"","_links_to_target":""},"categories":[1],"tags":[],"class_list":["post-107585","post","type-post","status-publish","format-standard","has-post-thumbnail","hentry","category-geral"],"views":607,"_links":{"self":[{"href":"https:\/\/www.sudoestehoje.com.br\/novoportal\/wp-json\/wp\/v2\/posts\/107585","targetHints":{"allow":["GET"]}}],"collection":[{"href":"https:\/\/www.sudoestehoje.com.br\/novoportal\/wp-json\/wp\/v2\/posts"}],"about":[{"href":"https:\/\/www.sudoestehoje.com.br\/novoportal\/wp-json\/wp\/v2\/types\/post"}],"author":[{"embeddable":true,"href":"https:\/\/www.sudoestehoje.com.br\/novoportal\/wp-json\/wp\/v2\/users\/2"}],"replies":[{"embeddable":true,"href":"https:\/\/www.sudoestehoje.com.br\/novoportal\/wp-json\/wp\/v2\/comments?post=107585"}],"version-history":[{"count":3,"href":"https:\/\/www.sudoestehoje.com.br\/novoportal\/wp-json\/wp\/v2\/posts\/107585\/revisions"}],"predecessor-version":[{"id":107589,"href":"https:\/\/www.sudoestehoje.com.br\/novoportal\/wp-json\/wp\/v2\/posts\/107585\/revisions\/107589"}],"wp:featuredmedia":[{"embeddable":true,"href":"https:\/\/www.sudoestehoje.com.br\/novoportal\/wp-json\/wp\/v2\/media\/107586"}],"wp:attachment":[{"href":"https:\/\/www.sudoestehoje.com.br\/novoportal\/wp-json\/wp\/v2\/media?parent=107585"}],"wp:term":[{"taxonomy":"category","embeddable":true,"href":"https:\/\/www.sudoestehoje.com.br\/novoportal\/wp-json\/wp\/v2\/categories?post=107585"},{"taxonomy":"post_tag","embeddable":true,"href":"https:\/\/www.sudoestehoje.com.br\/novoportal\/wp-json\/wp\/v2\/tags?post=107585"}],"curies":[{"name":"wp","href":"https:\/\/api.w.org\/{rel}","templated":true}]}}