
{"id":107573,"date":"2023-02-01T09:08:39","date_gmt":"2023-02-01T12:08:39","guid":{"rendered":"https:\/\/www.sudoestehoje.com.br\/novoportal\/?p=107573"},"modified":"2023-02-01T09:08:39","modified_gmt":"2023-02-01T12:08:39","slug":"antonio-brito-e-reeleito-lider-da-bancada-do-psd-na-camara-dos-deputados","status":"publish","type":"post","link":"https:\/\/www.sudoestehoje.com.br\/novoportal\/2023\/02\/01\/antonio-brito-e-reeleito-lider-da-bancada-do-psd-na-camara-dos-deputados\/","title":{"rendered":"ANT\u00d4NIO BRITO \u00c9 REELEITO L\u00cdDER DA BANCADA DO PSD NA C\u00c2MARA DOS DEPUTADOS"},"content":{"rendered":"<p><a href=\"https:\/\/www.sudoestehoje.com.br\/novoportal\/wp-content\/uploads\/2023\/02\/Antonio-Brito-3.jpeg\"><img loading=\"lazy\" decoding=\"async\" class=\"aligncenter size-medium wp-image-107574\" src=\"https:\/\/www.sudoestehoje.com.br\/novoportal\/wp-content\/uploads\/2023\/02\/Antonio-Brito-3-500x350.jpeg\" alt=\"\" width=\"500\" height=\"350\" srcset=\"https:\/\/www.sudoestehoje.com.br\/novoportal\/wp-content\/uploads\/2023\/02\/Antonio-Brito-3-500x350.jpeg 500w, https:\/\/www.sudoestehoje.com.br\/novoportal\/wp-content\/uploads\/2023\/02\/Antonio-Brito-3.jpeg 600w\" sizes=\"auto, (max-width: 500px) 100vw, 500px\" \/><\/a><\/p>\n<p>O deputado federal Ant\u00f4nio Brito (PSD) foi reeleito l\u00edder da legenda na C\u00e2mara dos Deputados, na tarde desta ter\u00e7a-feira (31). \u00c9 o terceiro ano consecutivo do parlamentar baiano \u00e0 frente da Casa Legislativa.<\/p>\n<p>Brito est\u00e1 no quarto mandato consecutivo de deputado federal, sempre trabalhando para que o partido tenha destaque na Casa, \u201co destaque que merece\u201d, como costuma dizer.<\/p>\n<p>Foi tr\u00eas vezes presidente da Comiss\u00e3o de Seguridade Social e Fam\u00edlia, a segunda maior comiss\u00e3o da Casa, onde bateu recordes de an\u00e1lise e aprova\u00e7\u00e3o de projetos.<\/p>\n","protected":false},"excerpt":{"rendered":"<p>O deputado federal Ant\u00f4nio Brito (PSD) foi reeleito l\u00edder da legenda na C\u00e2mara dos Deputados, na tarde desta ter\u00e7a-feira (31). \u00c9 o terceiro ano consecutivo do parlamentar baiano \u00e0 frente da Casa Legislativa. Brito est\u00e1 no quarto mandato consecutivo de deputado federal, sempre trabalhando para que o partido tenha destaque na Casa, \u201co destaque que [&hellip;]<\/p>\n","protected":false},"author":2,"featured_media":107574,"comment_status":"open","ping_status":"open","sticky":false,"template":"","format":"standard","meta":{"footnotes":"","_links_to":"","_links_to_target":""},"categories":[1],"tags":[],"class_list":["post-107573","post","type-post","status-publish","format-standard","has-post-thumbnail","hentry","category-geral"],"views":754,"_links":{"self":[{"href":"https:\/\/www.sudoestehoje.com.br\/novoportal\/wp-json\/wp\/v2\/posts\/107573","targetHints":{"allow":["GET"]}}],"collection":[{"href":"https:\/\/www.sudoestehoje.com.br\/novoportal\/wp-json\/wp\/v2\/posts"}],"about":[{"href":"https:\/\/www.sudoestehoje.com.br\/novoportal\/wp-json\/wp\/v2\/types\/post"}],"author":[{"embeddable":true,"href":"https:\/\/www.sudoestehoje.com.br\/novoportal\/wp-json\/wp\/v2\/users\/2"}],"replies":[{"embeddable":true,"href":"https:\/\/www.sudoestehoje.com.br\/novoportal\/wp-json\/wp\/v2\/comments?post=107573"}],"version-history":[{"count":2,"href":"https:\/\/www.sudoestehoje.com.br\/novoportal\/wp-json\/wp\/v2\/posts\/107573\/revisions"}],"predecessor-version":[{"id":107576,"href":"https:\/\/www.sudoestehoje.com.br\/novoportal\/wp-json\/wp\/v2\/posts\/107573\/revisions\/107576"}],"wp:featuredmedia":[{"embeddable":true,"href":"https:\/\/www.sudoestehoje.com.br\/novoportal\/wp-json\/wp\/v2\/media\/107574"}],"wp:attachment":[{"href":"https:\/\/www.sudoestehoje.com.br\/novoportal\/wp-json\/wp\/v2\/media?parent=107573"}],"wp:term":[{"taxonomy":"category","embeddable":true,"href":"https:\/\/www.sudoestehoje.com.br\/novoportal\/wp-json\/wp\/v2\/categories?post=107573"},{"taxonomy":"post_tag","embeddable":true,"href":"https:\/\/www.sudoestehoje.com.br\/novoportal\/wp-json\/wp\/v2\/tags?post=107573"}],"curies":[{"name":"wp","href":"https:\/\/api.w.org\/{rel}","templated":true}]}}