
{"id":107484,"date":"2023-01-27T20:09:16","date_gmt":"2023-01-27T23:09:16","guid":{"rendered":"https:\/\/www.sudoestehoje.com.br\/novoportal\/?p=107484"},"modified":"2023-01-27T20:09:16","modified_gmt":"2023-01-27T23:09:16","slug":"regiao-onibus-de-turismo-pega-fogo-na-ladeira-do-marcal-em-conquista","status":"publish","type":"post","link":"https:\/\/www.sudoestehoje.com.br\/novoportal\/2023\/01\/27\/regiao-onibus-de-turismo-pega-fogo-na-ladeira-do-marcal-em-conquista\/","title":{"rendered":"REGI\u00c3O | \u00d4NIBUS DE TURISMO PEGA FOGO NA LADEIRA DO MAR\u00c7AL, EM CONQUISTA"},"content":{"rendered":"<div id=\"chunk-a9l12\">\n<div class=\"mc-column content-text active-extra-styles \" data-block-type=\"unstyled\" data-block-weight=\"40\" data-block-id=\"3\">\n<p data-track-category=\"Link no Texto\" data-track-links=\"\"><a href=\"https:\/\/www.sudoestehoje.com.br\/novoportal\/wp-content\/uploads\/2023\/01\/design-sem-nome-98-.webp\"><img loading=\"lazy\" decoding=\"async\" class=\"aligncenter size-medium wp-image-107485\" src=\"https:\/\/www.sudoestehoje.com.br\/novoportal\/wp-content\/uploads\/2023\/01\/design-sem-nome-98--500x313.webp\" alt=\"\" width=\"500\" height=\"313\" srcset=\"https:\/\/www.sudoestehoje.com.br\/novoportal\/wp-content\/uploads\/2023\/01\/design-sem-nome-98--500x313.webp 500w, https:\/\/www.sudoestehoje.com.br\/novoportal\/wp-content\/uploads\/2023\/01\/design-sem-nome-98--700x438.webp 700w, https:\/\/www.sudoestehoje.com.br\/novoportal\/wp-content\/uploads\/2023\/01\/design-sem-nome-98--768x481.webp 768w, https:\/\/www.sudoestehoje.com.br\/novoportal\/wp-content\/uploads\/2023\/01\/design-sem-nome-98-.webp 984w\" sizes=\"auto, (max-width: 500px) 100vw, 500px\" \/><\/a><\/p>\n<p class=\"content-text__container \" data-track-category=\"Link no Texto\" data-track-links=\"\">Um \u00f4nibus de turismo pegou fogo na BA-263, no trecho de Serra do Mar\u00e7al, em\u00a0<a href=\"https:\/\/g1.globo.com\/ba\/bahia\/cidade\/vitoria-da-conquista\/\">Vit\u00f3ria da Conquista<\/a>, no sudoeste da Bahia. Segundo a Pol\u00edcia Rodovi\u00e1ria Estadual (PRE), o acidente aconteceu na madrugada desta sexta-feira (27) e ningu\u00e9m ficou ferido.<\/p>\n<\/div>\n<\/div>\n<div class=\"wall protected-content\">\n<div id=\"chunk-a7476\">\n<div class=\"mc-column content-text active-extra-styles \" data-block-type=\"unstyled\" data-block-weight=\"27\" data-block-id=\"4\">\n<p class=\"content-text__container \" data-track-category=\"Link no Texto\" data-track-links=\"\">N\u00e3o h\u00e1 informa\u00e7\u00f5es sobre o que causou o inc\u00eandio. Uma foto feita por uma testemunha que passava pelo local mostra o \u00f4nibus em chamas e completamente destru\u00eddo.<\/p>\n<\/div>\n<\/div>\n<div id=\"chunk-1h3ff\">\n<div class=\"mc-column content-text active-extra-styles \" data-block-type=\"unstyled\" data-block-weight=\"33\" data-block-id=\"5\">\n<p class=\"content-text__container \" data-track-category=\"Link no Texto\" data-track-links=\"\">O transporte havia sa\u00eddo de Minas Gerais e tinha como destino a cidade de Porto Seguro, no sul da Bahia. Quando as chamas come\u00e7aram, os passageiros e o motorista conseguiram sair do coletivo.<\/p>\n<p data-track-category=\"Link no Texto\" data-track-links=\"\">Ap\u00f3s o acidente, alguns passageiros decidiram seguir viagem em outro \u00f4nibus.<\/p>\n<\/div>\n<\/div>\n<\/div>\n","protected":false},"excerpt":{"rendered":"<p>Um \u00f4nibus de turismo pegou fogo na BA-263, no trecho de Serra do Mar\u00e7al, em\u00a0Vit\u00f3ria da Conquista, no sudoeste da Bahia. Segundo a Pol\u00edcia Rodovi\u00e1ria Estadual (PRE), o acidente aconteceu na madrugada desta sexta-feira (27) e ningu\u00e9m ficou ferido. N\u00e3o h\u00e1 informa\u00e7\u00f5es sobre o que causou o inc\u00eandio. Uma foto feita por uma testemunha que [&hellip;]<\/p>\n","protected":false},"author":2,"featured_media":107485,"comment_status":"open","ping_status":"open","sticky":false,"template":"","format":"standard","meta":{"footnotes":"","_links_to":"","_links_to_target":""},"categories":[1],"tags":[],"class_list":["post-107484","post","type-post","status-publish","format-standard","has-post-thumbnail","hentry","category-geral"],"views":885,"_links":{"self":[{"href":"https:\/\/www.sudoestehoje.com.br\/novoportal\/wp-json\/wp\/v2\/posts\/107484","targetHints":{"allow":["GET"]}}],"collection":[{"href":"https:\/\/www.sudoestehoje.com.br\/novoportal\/wp-json\/wp\/v2\/posts"}],"about":[{"href":"https:\/\/www.sudoestehoje.com.br\/novoportal\/wp-json\/wp\/v2\/types\/post"}],"author":[{"embeddable":true,"href":"https:\/\/www.sudoestehoje.com.br\/novoportal\/wp-json\/wp\/v2\/users\/2"}],"replies":[{"embeddable":true,"href":"https:\/\/www.sudoestehoje.com.br\/novoportal\/wp-json\/wp\/v2\/comments?post=107484"}],"version-history":[{"count":1,"href":"https:\/\/www.sudoestehoje.com.br\/novoportal\/wp-json\/wp\/v2\/posts\/107484\/revisions"}],"predecessor-version":[{"id":107486,"href":"https:\/\/www.sudoestehoje.com.br\/novoportal\/wp-json\/wp\/v2\/posts\/107484\/revisions\/107486"}],"wp:featuredmedia":[{"embeddable":true,"href":"https:\/\/www.sudoestehoje.com.br\/novoportal\/wp-json\/wp\/v2\/media\/107485"}],"wp:attachment":[{"href":"https:\/\/www.sudoestehoje.com.br\/novoportal\/wp-json\/wp\/v2\/media?parent=107484"}],"wp:term":[{"taxonomy":"category","embeddable":true,"href":"https:\/\/www.sudoestehoje.com.br\/novoportal\/wp-json\/wp\/v2\/categories?post=107484"},{"taxonomy":"post_tag","embeddable":true,"href":"https:\/\/www.sudoestehoje.com.br\/novoportal\/wp-json\/wp\/v2\/tags?post=107484"}],"curies":[{"name":"wp","href":"https:\/\/api.w.org\/{rel}","templated":true}]}}