
{"id":107416,"date":"2023-01-24T17:05:51","date_gmt":"2023-01-24T20:05:51","guid":{"rendered":"https:\/\/www.sudoestehoje.com.br\/novoportal\/?p=107416"},"modified":"2023-01-24T17:05:51","modified_gmt":"2023-01-24T20:05:51","slug":"stf-mantem-valores-dos-repasses-do-fpm-aos-municipios-prejudicados-pelo-censo-nao-concluido-pelo-ibge","status":"publish","type":"post","link":"https:\/\/www.sudoestehoje.com.br\/novoportal\/2023\/01\/24\/stf-mantem-valores-dos-repasses-do-fpm-aos-municipios-prejudicados-pelo-censo-nao-concluido-pelo-ibge\/","title":{"rendered":"STF MANT\u00c9M VALORES DOS REPASSES DO FPM AOS MUNIC\u00cdPIOS PREJUDICADOS PELO CENSO N\u00c3O CONCLU\u00cdDO PELO IBGE"},"content":{"rendered":"<p><a href=\"https:\/\/www.sudoestehoje.com.br\/novoportal\/wp-content\/uploads\/2023\/01\/Tania-Rego-Agencia-Brasil-Censo-IBGE-1.jpg\"><img loading=\"lazy\" decoding=\"async\" class=\"aligncenter size-medium wp-image-107418\" src=\"https:\/\/www.sudoestehoje.com.br\/novoportal\/wp-content\/uploads\/2023\/01\/Tania-Rego-Agencia-Brasil-Censo-IBGE-1-500x271.jpg\" alt=\"\" width=\"500\" height=\"271\" srcset=\"https:\/\/www.sudoestehoje.com.br\/novoportal\/wp-content\/uploads\/2023\/01\/Tania-Rego-Agencia-Brasil-Censo-IBGE-1-500x271.jpg 500w, https:\/\/www.sudoestehoje.com.br\/novoportal\/wp-content\/uploads\/2023\/01\/Tania-Rego-Agencia-Brasil-Censo-IBGE-1-700x379.jpg 700w, https:\/\/www.sudoestehoje.com.br\/novoportal\/wp-content\/uploads\/2023\/01\/Tania-Rego-Agencia-Brasil-Censo-IBGE-1-768x415.jpg 768w, https:\/\/www.sudoestehoje.com.br\/novoportal\/wp-content\/uploads\/2023\/01\/Tania-Rego-Agencia-Brasil-Censo-IBGE-1.jpg 1000w\" sizes=\"auto, (max-width: 500px) 100vw, 500px\" \/><\/a><\/p>\n<p>O ministro Ricardo Lewandowski, do Supremo Tribunal Federal (STF), decidiu pela manuten\u00e7\u00e3o dos coeficientes de distribui\u00e7\u00e3o do Fundo de Participa\u00e7\u00e3o dos Munic\u00edpios (FPM). Com isso, ficam suspensos os efeitos de uma normativa Tribunal de Contas da Uni\u00e3o (TCU) que fixava os <strong>crit\u00e9rios de repasses para 2023 a partir do censo n\u00e3o conclu\u00eddo de 2022.<\/strong><\/p>\n<p>Na decis\u00e3o de car\u00e1ter liminar, o ministro pontua que \u201cmudan\u00e7as abruptas\u201d na distribui\u00e7\u00e3o do FPM sem a conclus\u00e3o do censo interferem no \u201cacarretam uma indesej\u00e1vel descontinuidade das pol\u00edticas p\u00fablicas mais b\u00e1sicas, sobretudo de sa\u00fade e educa\u00e7\u00e3o dos referidos entes federados\u201d.<\/p>\n<p>Um levantamento da Confedera\u00e7\u00e3o dos Munic\u00edpios indicou preju\u00edzos para mais de 700 cidades com a ado\u00e7\u00e3o das mudan\u00e7as presentes na normativa. O \u00faltimo censo conclu\u00eddo pelo IBGE \u00e9 de 2010.<\/p>\n","protected":false},"excerpt":{"rendered":"<p>O ministro Ricardo Lewandowski, do Supremo Tribunal Federal (STF), decidiu pela manuten\u00e7\u00e3o dos coeficientes de distribui\u00e7\u00e3o do Fundo de Participa\u00e7\u00e3o dos Munic\u00edpios (FPM). Com isso, ficam suspensos os efeitos de uma normativa Tribunal de Contas da Uni\u00e3o (TCU) que fixava os crit\u00e9rios de repasses para 2023 a partir do censo n\u00e3o conclu\u00eddo de 2022. Na [&hellip;]<\/p>\n","protected":false},"author":2,"featured_media":107418,"comment_status":"open","ping_status":"open","sticky":false,"template":"","format":"standard","meta":{"footnotes":"","_links_to":"","_links_to_target":""},"categories":[1],"tags":[],"class_list":["post-107416","post","type-post","status-publish","format-standard","has-post-thumbnail","hentry","category-geral"],"views":720,"_links":{"self":[{"href":"https:\/\/www.sudoestehoje.com.br\/novoportal\/wp-json\/wp\/v2\/posts\/107416","targetHints":{"allow":["GET"]}}],"collection":[{"href":"https:\/\/www.sudoestehoje.com.br\/novoportal\/wp-json\/wp\/v2\/posts"}],"about":[{"href":"https:\/\/www.sudoestehoje.com.br\/novoportal\/wp-json\/wp\/v2\/types\/post"}],"author":[{"embeddable":true,"href":"https:\/\/www.sudoestehoje.com.br\/novoportal\/wp-json\/wp\/v2\/users\/2"}],"replies":[{"embeddable":true,"href":"https:\/\/www.sudoestehoje.com.br\/novoportal\/wp-json\/wp\/v2\/comments?post=107416"}],"version-history":[{"count":3,"href":"https:\/\/www.sudoestehoje.com.br\/novoportal\/wp-json\/wp\/v2\/posts\/107416\/revisions"}],"predecessor-version":[{"id":107420,"href":"https:\/\/www.sudoestehoje.com.br\/novoportal\/wp-json\/wp\/v2\/posts\/107416\/revisions\/107420"}],"wp:featuredmedia":[{"embeddable":true,"href":"https:\/\/www.sudoestehoje.com.br\/novoportal\/wp-json\/wp\/v2\/media\/107418"}],"wp:attachment":[{"href":"https:\/\/www.sudoestehoje.com.br\/novoportal\/wp-json\/wp\/v2\/media?parent=107416"}],"wp:term":[{"taxonomy":"category","embeddable":true,"href":"https:\/\/www.sudoestehoje.com.br\/novoportal\/wp-json\/wp\/v2\/categories?post=107416"},{"taxonomy":"post_tag","embeddable":true,"href":"https:\/\/www.sudoestehoje.com.br\/novoportal\/wp-json\/wp\/v2\/tags?post=107416"}],"curies":[{"name":"wp","href":"https:\/\/api.w.org\/{rel}","templated":true}]}}