
{"id":107397,"date":"2023-01-23T09:37:11","date_gmt":"2023-01-23T12:37:11","guid":{"rendered":"https:\/\/www.sudoestehoje.com.br\/novoportal\/?p=107397"},"modified":"2023-01-23T09:47:01","modified_gmt":"2023-01-23T12:47:01","slug":"itapetinga-pista-que-leva-ao-pedra-branca-a-assai-voltou-a-ser-mao-dupla","status":"publish","type":"post","link":"https:\/\/www.sudoestehoje.com.br\/novoportal\/2023\/01\/23\/itapetinga-pista-que-leva-ao-pedra-branca-a-assai-voltou-a-ser-mao-dupla\/","title":{"rendered":"ITAPETINGA | PISTA QUE LEVA AO PEDRA BRANCA A ASSA\u00cd VOLTOU A SER &#8216;M\u00c3O DUPLA&#8217;"},"content":{"rendered":"<p><a href=\"https:\/\/www.sudoestehoje.com.br\/novoportal\/wp-content\/uploads\/2023\/01\/WhatsApp-Image-2023-01-23-at-08.47.29-1.jpeg\"><img loading=\"lazy\" decoding=\"async\" class=\"aligncenter size-medium wp-image-107391\" src=\"https:\/\/www.sudoestehoje.com.br\/novoportal\/wp-content\/uploads\/2023\/01\/WhatsApp-Image-2023-01-23-at-08.47.29-1-500x282.jpeg\" alt=\"\" width=\"500\" height=\"282\" srcset=\"https:\/\/www.sudoestehoje.com.br\/novoportal\/wp-content\/uploads\/2023\/01\/WhatsApp-Image-2023-01-23-at-08.47.29-1-500x282.jpeg 500w, https:\/\/www.sudoestehoje.com.br\/novoportal\/wp-content\/uploads\/2023\/01\/WhatsApp-Image-2023-01-23-at-08.47.29-1-700x394.jpeg 700w, https:\/\/www.sudoestehoje.com.br\/novoportal\/wp-content\/uploads\/2023\/01\/WhatsApp-Image-2023-01-23-at-08.47.29-1-768x432.jpeg 768w, https:\/\/www.sudoestehoje.com.br\/novoportal\/wp-content\/uploads\/2023\/01\/WhatsApp-Image-2023-01-23-at-08.47.29-1-1536x865.jpeg 1536w, https:\/\/www.sudoestehoje.com.br\/novoportal\/wp-content\/uploads\/2023\/01\/WhatsApp-Image-2023-01-23-at-08.47.29-1.jpeg 1600w\" sizes=\"auto, (max-width: 500px) 100vw, 500px\" \/><\/a><\/p>\n<p>A pedido da Secretaria Municipal de Infraestrutura e Comutran, a Seinfra mudou o sentido da via que passa pelo <strong>Condom\u00ednio Pedra Branca <\/strong>e <strong>Assa\u00ed<\/strong>, passando de<strong> &#8216;m\u00e3o \u00fanica&#8217;<\/strong> para <strong>&#8216;m\u00e3o dupla&#8217;<\/strong>, o que permite aos motoristas trafegarem nos dois sentidos.<\/p>\n<p>Desde que foi criada a m\u00e3o \u00fanica nesse trecho do acesso \u00e0 BA-263, os motoristas se viram obrigados a dar uma volta desnecess\u00e1ria, para terem acesso ao Assa\u00ed e Pedra Branca, via exposi\u00e7\u00e3o, motivo de constantes reclama\u00e7\u00f5es e desrespeito \u00e0 sinaliza\u00e7\u00e3o.<\/p>\n<p><a href=\"https:\/\/www.sudoestehoje.com.br\/novoportal\/wp-content\/uploads\/2023\/01\/WhatsApp-Image-2023-01-23-at-08.47.29-2.jpeg\"><img loading=\"lazy\" decoding=\"async\" class=\"aligncenter size-medium wp-image-107393\" src=\"https:\/\/www.sudoestehoje.com.br\/novoportal\/wp-content\/uploads\/2023\/01\/WhatsApp-Image-2023-01-23-at-08.47.29-2-500x282.jpeg\" alt=\"\" width=\"500\" height=\"282\" srcset=\"https:\/\/www.sudoestehoje.com.br\/novoportal\/wp-content\/uploads\/2023\/01\/WhatsApp-Image-2023-01-23-at-08.47.29-2-500x282.jpeg 500w, https:\/\/www.sudoestehoje.com.br\/novoportal\/wp-content\/uploads\/2023\/01\/WhatsApp-Image-2023-01-23-at-08.47.29-2-700x394.jpeg 700w, https:\/\/www.sudoestehoje.com.br\/novoportal\/wp-content\/uploads\/2023\/01\/WhatsApp-Image-2023-01-23-at-08.47.29-2-768x432.jpeg 768w, https:\/\/www.sudoestehoje.com.br\/novoportal\/wp-content\/uploads\/2023\/01\/WhatsApp-Image-2023-01-23-at-08.47.29-2-1536x865.jpeg 1536w, https:\/\/www.sudoestehoje.com.br\/novoportal\/wp-content\/uploads\/2023\/01\/WhatsApp-Image-2023-01-23-at-08.47.29-2.jpeg 1600w\" sizes=\"auto, (max-width: 500px) 100vw, 500px\" \/><\/a><\/p>\n<p>A placa que indicava <em>&#8216;contram\u00e3o&#8217;<\/em> para quem ia no sentido Assa\u00ed, foi retirada, mas falta modificar o trevo. A antiga estrada que margeia o aeroporto, tamb\u00e9m ter\u00e1 m\u00e3o dupla, assim que for reformada, segundo a Seinfra.<\/p>\n<p><em><strong>Por Davi Ferraz<\/strong><\/em><\/p>\n","protected":false},"excerpt":{"rendered":"<p>A pedido da Secretaria Municipal de Infraestrutura e Comutran, a Seinfra mudou o sentido da via que passa pelo Condom\u00ednio Pedra Branca e Assa\u00ed, passando de &#8216;m\u00e3o \u00fanica&#8217; para &#8216;m\u00e3o dupla&#8217;, o que permite aos motoristas trafegarem nos dois sentidos. Desde que foi criada a m\u00e3o \u00fanica nesse trecho do acesso \u00e0 BA-263, os motoristas [&hellip;]<\/p>\n","protected":false},"author":2,"featured_media":0,"comment_status":"open","ping_status":"open","sticky":false,"template":"","format":"standard","meta":{"footnotes":"","_links_to":"","_links_to_target":""},"categories":[1],"tags":[],"class_list":["post-107397","post","type-post","status-publish","format-standard","hentry","category-geral"],"views":801,"_links":{"self":[{"href":"https:\/\/www.sudoestehoje.com.br\/novoportal\/wp-json\/wp\/v2\/posts\/107397","targetHints":{"allow":["GET"]}}],"collection":[{"href":"https:\/\/www.sudoestehoje.com.br\/novoportal\/wp-json\/wp\/v2\/posts"}],"about":[{"href":"https:\/\/www.sudoestehoje.com.br\/novoportal\/wp-json\/wp\/v2\/types\/post"}],"author":[{"embeddable":true,"href":"https:\/\/www.sudoestehoje.com.br\/novoportal\/wp-json\/wp\/v2\/users\/2"}],"replies":[{"embeddable":true,"href":"https:\/\/www.sudoestehoje.com.br\/novoportal\/wp-json\/wp\/v2\/comments?post=107397"}],"version-history":[{"count":4,"href":"https:\/\/www.sudoestehoje.com.br\/novoportal\/wp-json\/wp\/v2\/posts\/107397\/revisions"}],"predecessor-version":[{"id":107403,"href":"https:\/\/www.sudoestehoje.com.br\/novoportal\/wp-json\/wp\/v2\/posts\/107397\/revisions\/107403"}],"wp:attachment":[{"href":"https:\/\/www.sudoestehoje.com.br\/novoportal\/wp-json\/wp\/v2\/media?parent=107397"}],"wp:term":[{"taxonomy":"category","embeddable":true,"href":"https:\/\/www.sudoestehoje.com.br\/novoportal\/wp-json\/wp\/v2\/categories?post=107397"},{"taxonomy":"post_tag","embeddable":true,"href":"https:\/\/www.sudoestehoje.com.br\/novoportal\/wp-json\/wp\/v2\/tags?post=107397"}],"curies":[{"name":"wp","href":"https:\/\/api.w.org\/{rel}","templated":true}]}}