
{"id":107362,"date":"2023-01-20T23:11:28","date_gmt":"2023-01-21T02:11:28","guid":{"rendered":"https:\/\/www.sudoestehoje.com.br\/novoportal\/?p=107362"},"modified":"2023-01-20T23:11:28","modified_gmt":"2023-01-21T02:11:28","slug":"jornal-espanhol-diz-que-daniel-alves-trancou-bateu-e-estuprou-mulher-em-boate","status":"publish","type":"post","link":"https:\/\/www.sudoestehoje.com.br\/novoportal\/2023\/01\/20\/jornal-espanhol-diz-que-daniel-alves-trancou-bateu-e-estuprou-mulher-em-boate\/","title":{"rendered":"JORNAL ESPANHOL DIZ QUE DANIEL ALVES TRANCOU, BATEU E ESTUPROU MULHER EM BOATE"},"content":{"rendered":"<div class=\"_ab8w  _ab94 _ab99 _ab9f _ab9m _ab9p  _abbh _abcm\"><span class=\"_act0 _a9_u _9ys8\" title=\"Verificado\"><a href=\"https:\/\/www.sudoestehoje.com.br\/novoportal\/wp-content\/uploads\/2023\/01\/WhatsApp-Image-2023-01-20-at-23.06.24.jpeg\"><img loading=\"lazy\" decoding=\"async\" class=\"aligncenter size-medium wp-image-107363\" src=\"https:\/\/www.sudoestehoje.com.br\/novoportal\/wp-content\/uploads\/2023\/01\/WhatsApp-Image-2023-01-20-at-23.06.24-500x476.jpeg\" alt=\"\" width=\"500\" height=\"476\" srcset=\"https:\/\/www.sudoestehoje.com.br\/novoportal\/wp-content\/uploads\/2023\/01\/WhatsApp-Image-2023-01-20-at-23.06.24-500x476.jpeg 500w, https:\/\/www.sudoestehoje.com.br\/novoportal\/wp-content\/uploads\/2023\/01\/WhatsApp-Image-2023-01-20-at-23.06.24-700x666.jpeg 700w, https:\/\/www.sudoestehoje.com.br\/novoportal\/wp-content\/uploads\/2023\/01\/WhatsApp-Image-2023-01-20-at-23.06.24-768x731.jpeg 768w, https:\/\/www.sudoestehoje.com.br\/novoportal\/wp-content\/uploads\/2023\/01\/WhatsApp-Image-2023-01-20-at-23.06.24.jpeg 1080w\" sizes=\"auto, (max-width: 500px) 100vw, 500px\" \/><\/a><\/span><\/div>\n<div class=\"_a9zs\"><span class=\"_aacl _aaco _aacu _aacx _aad7 _aade\">PRESO NA ESPANHA &#x1f6a8; O jornal espanhol El Periodico publicou detalhes do depoimento dado pela jovem de 23 anos que diz ter sido estuprada pelo jogador Daniel Alves. Segundo a publica\u00e7\u00e3o, o brasileiro a trancou, agrediu e estuprou no banheiro da \u00e1rea VIP de uma boate de Barcelona. O jogador de 39 anos foi detido nesta sexta-feira enquanto prestava depoimento \u00e0 pol\u00edcia e, ap\u00f3s pedido do Minist\u00e9rio P\u00fablico espanhol, preso preventivamente sem direito a fian\u00e7a. Ele nega as acusa\u00e7\u00f5es.<\/p>\n<p>O depoimento apresenta em detalhes o epis\u00f3dio que teria ocorrido na madrugada do dia 30 para 31 de dezembro, na casa noturna Sutton. Segundo a denunciante, o Daniel Alves flertou com ela e outras duas amigas. O brasileiro teria agarrado a m\u00e3o da v\u00edtima e levou-a ao p\u00eanis, repetindo o gesto repetidas vezes apesar de a jovem resistir.<\/p>\n<p>Depois, o jogador pediu para ela segui-lo e a levou banheiro da \u00e1rea VIP. A v\u00edtima denunciou que foi trancada no local pelo atleta, que a obrigou a fazer sexo e, quando ela resistiu, apanhou. Leia mais detalhes no site do\u00a0<a class=\"x1i10hfl xjbqb8w x6umtig x1b1mbwd xaqea5y xav7gou x9f619 x1ypdohk xt0psk2 xe8uvvx xdj266r x11i5rnm xat24cr x1mh8g0r xexx8yu x4uap5 x18d9i69 xkhd6sd x16tdsg8 x1hl2dhg xggy1nq x1a2a7pz notranslate _a6hd\" tabindex=\"0\" role=\"link\" href=\"https:\/\/www.instagram.com\/estadaoesporte\/\">@estadaoesporte<\/a>.\u00a0<\/span><\/div>\n","protected":false},"excerpt":{"rendered":"<p>PRESO NA ESPANHA &#x1f6a8; O jornal espanhol El Periodico publicou detalhes do depoimento dado pela jovem de 23 anos que diz ter sido estuprada pelo jogador Daniel Alves. Segundo a publica\u00e7\u00e3o, o brasileiro a trancou, agrediu e estuprou no banheiro da \u00e1rea VIP de uma boate de Barcelona. O jogador de 39 anos foi detido [&hellip;]<\/p>\n","protected":false},"author":2,"featured_media":107363,"comment_status":"open","ping_status":"open","sticky":false,"template":"","format":"standard","meta":{"footnotes":"","_links_to":"","_links_to_target":""},"categories":[1],"tags":[],"class_list":["post-107362","post","type-post","status-publish","format-standard","has-post-thumbnail","hentry","category-geral"],"views":737,"_links":{"self":[{"href":"https:\/\/www.sudoestehoje.com.br\/novoportal\/wp-json\/wp\/v2\/posts\/107362","targetHints":{"allow":["GET"]}}],"collection":[{"href":"https:\/\/www.sudoestehoje.com.br\/novoportal\/wp-json\/wp\/v2\/posts"}],"about":[{"href":"https:\/\/www.sudoestehoje.com.br\/novoportal\/wp-json\/wp\/v2\/types\/post"}],"author":[{"embeddable":true,"href":"https:\/\/www.sudoestehoje.com.br\/novoportal\/wp-json\/wp\/v2\/users\/2"}],"replies":[{"embeddable":true,"href":"https:\/\/www.sudoestehoje.com.br\/novoportal\/wp-json\/wp\/v2\/comments?post=107362"}],"version-history":[{"count":1,"href":"https:\/\/www.sudoestehoje.com.br\/novoportal\/wp-json\/wp\/v2\/posts\/107362\/revisions"}],"predecessor-version":[{"id":107364,"href":"https:\/\/www.sudoestehoje.com.br\/novoportal\/wp-json\/wp\/v2\/posts\/107362\/revisions\/107364"}],"wp:featuredmedia":[{"embeddable":true,"href":"https:\/\/www.sudoestehoje.com.br\/novoportal\/wp-json\/wp\/v2\/media\/107363"}],"wp:attachment":[{"href":"https:\/\/www.sudoestehoje.com.br\/novoportal\/wp-json\/wp\/v2\/media?parent=107362"}],"wp:term":[{"taxonomy":"category","embeddable":true,"href":"https:\/\/www.sudoestehoje.com.br\/novoportal\/wp-json\/wp\/v2\/categories?post=107362"},{"taxonomy":"post_tag","embeddable":true,"href":"https:\/\/www.sudoestehoje.com.br\/novoportal\/wp-json\/wp\/v2\/tags?post=107362"}],"curies":[{"name":"wp","href":"https:\/\/api.w.org\/{rel}","templated":true}]}}